{"id":1798,"date":"2022-07-28T19:47:17","date_gmt":"2022-07-28T22:47:17","guid":{"rendered":"https:\/\/www.corrientes.tv\/ctvnoticias\/?p=1798"},"modified":"2022-07-28T19:52:13","modified_gmt":"2022-07-28T22:52:13","slug":"mercedes-marco-del-pont-nueva-secretaria-de-asuntos-estrategicos","status":"publish","type":"post","link":"https:\/\/www.corrientes.tv\/ctvnoticias\/?p=1798","title":{"rendered":"Mercedes Marco del Pont, nueva Secretaria de Asuntos Estrat\u00e9gicos."},"content":{"rendered":"<p>El presidente Alberto Fern\u00e1ndez acept\u00f3 hoy la renuncia presentada por Gustavo Beliz a la Secretar\u00eda de Asuntos Estrat\u00e9gicos y nombr\u00f3 en su lugar a Mercedes Marco del Pont, informaron esta tarde fuentes oficiales.<\/p>\n<p>Fuente: TELAM SE<\/p>\n","protected":false},"excerpt":{"rendered":"<p>El presidente Alberto Fern\u00e1ndez acept\u00f3 hoy la renuncia presentada por Gustavo Beliz a la Secretar\u00eda de Asuntos Estrat\u00e9gicos y nombr\u00f3 en su lugar a Mercedes Marco del Pont, informaron esta tarde fuentes oficiales. Fuente: TELAM SE<\/p>\n","protected":false},"author":1,"featured_media":1796,"comment_status":"open","ping_status":"open","sticky":false,"template":"","format":"standard","meta":{"footnotes":""},"categories":[9,6],"tags":[],"class_list":["post-1798","post","type-post","status-publish","format-standard","has-post-thumbnail","hentry","category-ctv-noticias","category-noticias-nacionales","gallery-content-unit"],"_links":{"self":[{"href":"https:\/\/www.corrientes.tv\/ctvnoticias\/index.php?rest_route=\/wp\/v2\/posts\/1798","targetHints":{"allow":["GET"]}}],"collection":[{"href":"https:\/\/www.corrientes.tv\/ctvnoticias\/index.php?rest_route=\/wp\/v2\/posts"}],"about":[{"href":"https:\/\/www.corrientes.tv\/ctvnoticias\/index.php?rest_route=\/wp\/v2\/types\/post"}],"author":[{"embeddable":true,"href":"https:\/\/www.corrientes.tv\/ctvnoticias\/index.php?rest_route=\/wp\/v2\/users\/1"}],"replies":[{"embeddable":true,"href":"https:\/\/www.corrientes.tv\/ctvnoticias\/index.php?rest_route=%2Fwp%2Fv2%2Fcomments&post=1798"}],"version-history":[{"count":1,"href":"https:\/\/www.corrientes.tv\/ctvnoticias\/index.php?rest_route=\/wp\/v2\/posts\/1798\/revisions"}],"predecessor-version":[{"id":1799,"href":"https:\/\/www.corrientes.tv\/ctvnoticias\/index.php?rest_route=\/wp\/v2\/posts\/1798\/revisions\/1799"}],"wp:featuredmedia":[{"embeddable":true,"href":"https:\/\/www.corrientes.tv\/ctvnoticias\/index.php?rest_route=\/wp\/v2\/media\/1796"}],"wp:attachment":[{"href":"https:\/\/www.corrientes.tv\/ctvnoticias\/index.php?rest_route=%2Fwp%2Fv2%2Fmedia&parent=1798"}],"wp:term":[{"taxonomy":"category","embeddable":true,"href":"https:\/\/www.corrientes.tv\/ctvnoticias\/index.php?rest_route=%2Fwp%2Fv2%2Fcategories&post=1798"},{"taxonomy":"post_tag","embeddable":true,"href":"https:\/\/www.corrientes.tv\/ctvnoticias\/index.php?rest_route=%2Fwp%2Fv2%2Ftags&post=1798"}],"curies":[{"name":"wp","href":"https:\/\/api.w.org\/{rel}","templated":true}]}}