{"id":1923,"date":"2023-06-08T08:34:20","date_gmt":"2023-06-08T11:34:20","guid":{"rendered":"https:\/\/www.corrientes.tv\/ctvnoticias\/?p=1923"},"modified":"2023-06-11T18:41:29","modified_gmt":"2023-06-11T21:41:29","slug":"1923","status":"publish","type":"post","link":"https:\/\/www.corrientes.tv\/ctvnoticias\/?p=1923","title":{"rendered":"Cierre de campa\u00f1a Legislativas Corrientes 2023"},"content":{"rendered":"<p>Los correntinos votar\u00e1n este domingo para renovar 15 bancas en la C\u00e1mara de Diputados, cinco en la de Senadores y concejales en 64 municipios, con la incorporaci\u00f3n del voto joven por primera vez y el estreno de boletas con paridad de g\u00e9nero. M\u00e1s de 900 mil correntinos votar\u00e1n este domingo para renovar 15 bancas en la C\u00e1mara de Diputados, cinco en la de Senadores y concejales en 64 municipios, con la incorporaci\u00f3n del voto joven por primera vez y tambi\u00e9n el estreno de boletas con paridad de g\u00e9nero.<\/p>\n<div>\n<div>\n<p>El primero en poner fin a su actividad proselitista fue el Frente de Todos (FdT), con un acto este mi\u00e9rcoles por la tarde en la ciudad Capital, mientras que ECO+Vamos Corrientes lo har\u00e1 ma\u00f1ana, tambi\u00e9n en la ciudad de Corrientes, al igual que Libres del Sur, y los candidatos de Ganemos Corrientes cerrar\u00e1n su campa\u00f1a en las ciudades de Goya y Bella Vista.<\/p>\n<div>\n<p>Los candidatos del Frente de Todos cerraron la campa\u00f1a electoral con un fuerte contraste de propuestas con la alianza oficialista Encuentro por Corrientes, que responde a Juntos por el Cambio, en el Ecoparque Hip\u00f3dromo desde las 18:30, bajo el slogan \u00abHay otro camino\u00bb.<\/p>\n<div>\n<p>El exvicegobernador, Gustavo Canteros, candidato a diputado provincial en primer t\u00e9rmino por el FDT en Corrientes, sostuvo que en la actualidad la provincia atraviesa una \u201cnecesidad de di\u00e1logo entre los dirigentes y el pueblo, una necesidad que debemos atender para dar soluci\u00f3n por ejemplo a la falta de viviendas ya que m\u00e1s de 100 mil familias permanecen a la espera de una respuesta habitacional\u00bb y denunci\u00f3 la administraci\u00f3n provincial, llevada adelante por el radicalismo, al indicar que \u201ctenemos una provincia con todos los recursos como ser Yacyret\u00e1 y sin embargo tenemos la energ\u00eda m\u00e1s cara del pa\u00eds\u201d. Agreg\u00f3 que \u201cdesde el Frente de Todos vamos a pedir la reducci\u00f3n del costo de la tarifa de energ\u00eda en todo el territorio provincial y a proponer programas de ayuda mutua para la construcci\u00f3n de viviendas sociales\u201d. Ocup\u00f3 un p\u00e1rrafo de su mensaje para se\u00f1alar que \u201ces lamentable que el gobernador (Gustavo Vald\u00e9s) diga que para arreglar las escuelas los padres tienen que hacer arroz con pollo: por estas cosas les pedimos que nos acompa\u00f1en en este otro camino porque estamos convencidos de que \u00e9se el camino al futuro que nos merecemos\u201d.<\/p>\n<div>A su vez, la primera postulante a senadora de la lista, Celeste Asc\u00faa, puso en valor que los candidatos y candidatas del FDT \u201crecorrimos m\u00e1s de 15 mil kil\u00f3metros de toda la provincia y nos encontramos con los mismos problemas de hace m\u00e1s de 20 a\u00f1os\u201d.<\/div>\n<div><\/div>\n<div>\u201cLideramos -dijo- las estad\u00edsticas de pobreza infantil, de embarazo adolescente porque no se aplica la Educaci\u00f3n Sexual Integral y vemos que a los maestros los mandan hacer arroz con pollo para que ellos arreglen las escuelas\u201d.<\/div>\n<div>\n<p>Ambos candidatos hicieron referencia a las recientes declaraciones del gobernador Gustavo Vald\u00e9s, quien, ante el reclamo por el estado de las escuelas en la provincia, dijo que son los padres y madres quienes deben atender las falencias en los establecimientos: \u201cTenemos que colaborar con la educaci\u00f3n p\u00fablica. Poner un aire acondicionado, juntarse, hacer un arroz con pollo, una c\u00e1mara seguridad\u201d, indic\u00f3 durante una entrevista con un medio de Monte Caseros.<\/p>\n<div>El Frente de Todos en Corrientes se presenta con el Justicialismo y otros 20 partidos aliados, con el objetivo de ampliar su base legislativa, en un comicio en el que se renuevan 15 bancas de diputados y otras 5 de senadores provinciales.<\/div>\n<div>\n<p>El FdT, liderado Partido Justicialista (PJ), lleva como candidata en primer t\u00e9rmino para el Senado a Celeste Asc\u00faa, y en segundo lugar a V\u00edctor Giraud, ambos del PJ, y en los primeros esca\u00f1os para la C\u00e1mara baja a Gustavo Canteros, de Proyecto Corrientes, Marlene Gauna (PJ) y C\u00e9sar Lezcano, del Frente Renovador.<\/p>\n<div>\n<p>Por otra parte, la Junta Electoral de Corrientes ultima detalles como las boletas y urnas y el env\u00edo a localidades del interior, y se formaliz\u00f3 el dispositivo de seguridad en coordinaci\u00f3n con distintas fuerzas de Seguridad y organismos para la jornada electoral del domingo.<\/p>\n<div>\n<p>Para los comicios legislativos provinciales, se dispusieron 334 escuelas y 2.774 mesas en toda la provincia, donde 927.244 electores est\u00e1n habilitados para sufragar y elegir 20 legisladores provinciales y concejales en 64 municipios.<\/p>\n<div>Las elecciones por primera vez le otorgar\u00e1n a los j\u00f3venes de 16 a 18 a\u00f1os de edad la posibilidad de sufragar.<\/div>\n<div><\/div>\n<p>Fuente: Telam S.E.<\/p>\n<\/div>\n<\/div>\n<\/div>\n<\/div>\n<\/div>\n<\/div>\n<\/div>\n<\/div>\n","protected":false},"excerpt":{"rendered":"<p>Los correntinos votar\u00e1n este domingo para renovar 15 bancas en la C\u00e1mara de Diputados, cinco en la de Senadores y concejales en 64 municipios, con la incorporaci\u00f3n del voto joven por primera vez y el estreno de boletas con paridad de g\u00e9nero. M\u00e1s de 900 mil correntinos votar\u00e1n este domingo para renovar 15 bancas en [&hellip;]<\/p>\n","protected":false},"author":1,"featured_media":1924,"comment_status":"open","ping_status":"open","sticky":false,"template":"","format":"standard","meta":{"footnotes":""},"categories":[4,5],"tags":[],"class_list":["post-1923","post","type-post","status-publish","format-standard","has-post-thumbnail","hentry","category-noticias-locales-de-corrientes","category-noticias-provinciales-de-corrientes","gallery-content-unit"],"_links":{"self":[{"href":"https:\/\/www.corrientes.tv\/ctvnoticias\/index.php?rest_route=\/wp\/v2\/posts\/1923","targetHints":{"allow":["GET"]}}],"collection":[{"href":"https:\/\/www.corrientes.tv\/ctvnoticias\/index.php?rest_route=\/wp\/v2\/posts"}],"about":[{"href":"https:\/\/www.corrientes.tv\/ctvnoticias\/index.php?rest_route=\/wp\/v2\/types\/post"}],"author":[{"embeddable":true,"href":"https:\/\/www.corrientes.tv\/ctvnoticias\/index.php?rest_route=\/wp\/v2\/users\/1"}],"replies":[{"embeddable":true,"href":"https:\/\/www.corrientes.tv\/ctvnoticias\/index.php?rest_route=%2Fwp%2Fv2%2Fcomments&post=1923"}],"version-history":[{"count":6,"href":"https:\/\/www.corrientes.tv\/ctvnoticias\/index.php?rest_route=\/wp\/v2\/posts\/1923\/revisions"}],"predecessor-version":[{"id":1930,"href":"https:\/\/www.corrientes.tv\/ctvnoticias\/index.php?rest_route=\/wp\/v2\/posts\/1923\/revisions\/1930"}],"wp:featuredmedia":[{"embeddable":true,"href":"https:\/\/www.corrientes.tv\/ctvnoticias\/index.php?rest_route=\/wp\/v2\/media\/1924"}],"wp:attachment":[{"href":"https:\/\/www.corrientes.tv\/ctvnoticias\/index.php?rest_route=%2Fwp%2Fv2%2Fmedia&parent=1923"}],"wp:term":[{"taxonomy":"category","embeddable":true,"href":"https:\/\/www.corrientes.tv\/ctvnoticias\/index.php?rest_route=%2Fwp%2Fv2%2Fcategories&post=1923"},{"taxonomy":"post_tag","embeddable":true,"href":"https:\/\/www.corrientes.tv\/ctvnoticias\/index.php?rest_route=%2Fwp%2Fv2%2Ftags&post=1923"}],"curies":[{"name":"wp","href":"https:\/\/api.w.org\/{rel}","templated":true}]}}