{"id":1951,"date":"2023-07-04T09:07:18","date_gmt":"2023-07-04T12:07:18","guid":{"rendered":"https:\/\/www.corrientes.tv\/ctvnoticias\/?p=1951"},"modified":"2023-07-04T09:25:33","modified_gmt":"2023-07-04T12:25:33","slug":"cafiero-llamo-a-revisar-el-acuerdo-con-union-europea-sin-discursos-ideologizados","status":"publish","type":"post","link":"https:\/\/www.corrientes.tv\/ctvnoticias\/?p=1951","title":{"rendered":"Cafiero llam\u00f3 a revisar el acuerdo con Uni\u00f3n Europea &#8216;sin discursos ideologizados&#8217;"},"content":{"rendered":"<p>Al dar apertura a la Reuni\u00f3n Ordinaria del Consejo Mercado Com\u00fan del bloque, el canciller Santiago Cafiero reafirm\u00f3 el compromiso argentino para diversificar la agenda externa del Mercosur y pidi\u00f3 revisar el acuerdo con la Uni\u00f3n Europea sin discursos ideologizados.<\/p>\n<p>Fuente: Telam S.E.<\/p>\n","protected":false},"excerpt":{"rendered":"<p>Al dar apertura a la Reuni\u00f3n Ordinaria del Consejo Mercado Com\u00fan del bloque, el canciller Santiago Cafiero reafirm\u00f3 el compromiso argentino para diversificar la agenda externa del Mercosur y pidi\u00f3 revisar el acuerdo con la Uni\u00f3n Europea sin discursos ideologizados. Fuente: Telam S.E.<\/p>\n","protected":false},"author":1,"featured_media":1952,"comment_status":"open","ping_status":"open","sticky":false,"template":"","format":"standard","meta":{"footnotes":""},"categories":[9,7,6],"tags":[],"class_list":["post-1951","post","type-post","status-publish","format-standard","has-post-thumbnail","hentry","category-ctv-noticias","category-noticias-internacionales","category-noticias-nacionales","gallery-content-unit"],"_links":{"self":[{"href":"https:\/\/www.corrientes.tv\/ctvnoticias\/index.php?rest_route=\/wp\/v2\/posts\/1951","targetHints":{"allow":["GET"]}}],"collection":[{"href":"https:\/\/www.corrientes.tv\/ctvnoticias\/index.php?rest_route=\/wp\/v2\/posts"}],"about":[{"href":"https:\/\/www.corrientes.tv\/ctvnoticias\/index.php?rest_route=\/wp\/v2\/types\/post"}],"author":[{"embeddable":true,"href":"https:\/\/www.corrientes.tv\/ctvnoticias\/index.php?rest_route=\/wp\/v2\/users\/1"}],"replies":[{"embeddable":true,"href":"https:\/\/www.corrientes.tv\/ctvnoticias\/index.php?rest_route=%2Fwp%2Fv2%2Fcomments&post=1951"}],"version-history":[{"count":1,"href":"https:\/\/www.corrientes.tv\/ctvnoticias\/index.php?rest_route=\/wp\/v2\/posts\/1951\/revisions"}],"predecessor-version":[{"id":1953,"href":"https:\/\/www.corrientes.tv\/ctvnoticias\/index.php?rest_route=\/wp\/v2\/posts\/1951\/revisions\/1953"}],"wp:featuredmedia":[{"embeddable":true,"href":"https:\/\/www.corrientes.tv\/ctvnoticias\/index.php?rest_route=\/wp\/v2\/media\/1952"}],"wp:attachment":[{"href":"https:\/\/www.corrientes.tv\/ctvnoticias\/index.php?rest_route=%2Fwp%2Fv2%2Fmedia&parent=1951"}],"wp:term":[{"taxonomy":"category","embeddable":true,"href":"https:\/\/www.corrientes.tv\/ctvnoticias\/index.php?rest_route=%2Fwp%2Fv2%2Fcategories&post=1951"},{"taxonomy":"post_tag","embeddable":true,"href":"https:\/\/www.corrientes.tv\/ctvnoticias\/index.php?rest_route=%2Fwp%2Fv2%2Ftags&post=1951"}],"curies":[{"name":"wp","href":"https:\/\/api.w.org\/{rel}","templated":true}]}}