{"id":1954,"date":"2023-07-05T09:14:31","date_gmt":"2023-07-05T12:14:31","guid":{"rendered":"https:\/\/www.corrientes.tv\/ctvnoticias\/?p=1954"},"modified":"2023-07-05T09:18:26","modified_gmt":"2023-07-05T12:18:26","slug":"corrientes-lanzo-la-ii-fiesta-provincial-del-locro","status":"publish","type":"post","link":"https:\/\/www.corrientes.tv\/ctvnoticias\/?p=1954","title":{"rendered":"Corrientes lanz\u00f3 la II Fiesta Provincial del Locro"},"content":{"rendered":"<p>Desde el Sal\u00f3n Verde de Casa de Gobierno de la provincia de corrientes, se lanz\u00f3 la II Fiesta Provincial y d\u00e9cimo sexto Festival Curuzucuate\u00f1o del Locro, convocatoria gastron\u00f3mica por excelencia de toda la regi\u00f3n que se realizar\u00e1 los d\u00edas 15 y 16 de julio en el Parque Mart\u00edn Fierro de la ciudad de Curuz\u00fa Cuati\u00e1<\/p>\n","protected":false},"excerpt":{"rendered":"<p>Desde el Sal\u00f3n Verde de Casa de Gobierno de la provincia de corrientes, se lanz\u00f3 la II Fiesta Provincial y d\u00e9cimo sexto Festival Curuzucuate\u00f1o del Locro, convocatoria gastron\u00f3mica por excelencia de toda la regi\u00f3n que se realizar\u00e1 los d\u00edas 15 y 16 de julio en el Parque Mart\u00edn Fierro de la ciudad de Curuz\u00fa Cuati\u00e1<\/p>\n","protected":false},"author":1,"featured_media":1955,"comment_status":"open","ping_status":"open","sticky":false,"template":"","format":"standard","meta":{"footnotes":""},"categories":[9,4,5],"tags":[],"class_list":["post-1954","post","type-post","status-publish","format-standard","has-post-thumbnail","hentry","category-ctv-noticias","category-noticias-locales-de-corrientes","category-noticias-provinciales-de-corrientes","gallery-content-unit"],"_links":{"self":[{"href":"https:\/\/www.corrientes.tv\/ctvnoticias\/index.php?rest_route=\/wp\/v2\/posts\/1954","targetHints":{"allow":["GET"]}}],"collection":[{"href":"https:\/\/www.corrientes.tv\/ctvnoticias\/index.php?rest_route=\/wp\/v2\/posts"}],"about":[{"href":"https:\/\/www.corrientes.tv\/ctvnoticias\/index.php?rest_route=\/wp\/v2\/types\/post"}],"author":[{"embeddable":true,"href":"https:\/\/www.corrientes.tv\/ctvnoticias\/index.php?rest_route=\/wp\/v2\/users\/1"}],"replies":[{"embeddable":true,"href":"https:\/\/www.corrientes.tv\/ctvnoticias\/index.php?rest_route=%2Fwp%2Fv2%2Fcomments&post=1954"}],"version-history":[{"count":3,"href":"https:\/\/www.corrientes.tv\/ctvnoticias\/index.php?rest_route=\/wp\/v2\/posts\/1954\/revisions"}],"predecessor-version":[{"id":1958,"href":"https:\/\/www.corrientes.tv\/ctvnoticias\/index.php?rest_route=\/wp\/v2\/posts\/1954\/revisions\/1958"}],"wp:featuredmedia":[{"embeddable":true,"href":"https:\/\/www.corrientes.tv\/ctvnoticias\/index.php?rest_route=\/wp\/v2\/media\/1955"}],"wp:attachment":[{"href":"https:\/\/www.corrientes.tv\/ctvnoticias\/index.php?rest_route=%2Fwp%2Fv2%2Fmedia&parent=1954"}],"wp:term":[{"taxonomy":"category","embeddable":true,"href":"https:\/\/www.corrientes.tv\/ctvnoticias\/index.php?rest_route=%2Fwp%2Fv2%2Fcategories&post=1954"},{"taxonomy":"post_tag","embeddable":true,"href":"https:\/\/www.corrientes.tv\/ctvnoticias\/index.php?rest_route=%2Fwp%2Fv2%2Ftags&post=1954"}],"curies":[{"name":"wp","href":"https:\/\/api.w.org\/{rel}","templated":true}]}}