{"id":1959,"date":"2023-07-05T09:20:31","date_gmt":"2023-07-05T12:20:31","guid":{"rendered":"https:\/\/www.corrientes.tv\/ctvnoticias\/?p=1959"},"modified":"2023-07-05T09:20:31","modified_gmt":"2023-07-05T12:20:31","slug":"fernandez-realizo-el-traspaso-de-la-presidencia-pro-tempore-del-mercosur-a-brasil","status":"publish","type":"post","link":"https:\/\/www.corrientes.tv\/ctvnoticias\/?p=1959","title":{"rendered":"Fern\u00e1ndez realiz\u00f3 el traspaso de la Presidencia Pro Tempore del Mercosur a Brasil"},"content":{"rendered":"<p>En el cierre de las dos jornadas de deliberaciones que se realizaron en la ciudad de Puerto Iguaz\u00fa, provincia de Misiones,el presidente Alberto Fern\u00e1ndez realiz\u00f3 el traspaso de la Presidencia pro t\u00e9mpore del Mercosur, a su par brasilero Luis In\u00e1cio Lula Da Silva.<\/p>\n<p>Fuente: Telam S.E.<\/p>\n","protected":false},"excerpt":{"rendered":"<p>En el cierre de las dos jornadas de deliberaciones que se realizaron en la ciudad de Puerto Iguaz\u00fa, provincia de Misiones,el presidente Alberto Fern\u00e1ndez realiz\u00f3 el traspaso de la Presidencia pro t\u00e9mpore del Mercosur, a su par brasilero Luis In\u00e1cio Lula Da Silva. Fuente: Telam S.E.<\/p>\n","protected":false},"author":1,"featured_media":1960,"comment_status":"open","ping_status":"open","sticky":false,"template":"","format":"standard","meta":{"footnotes":""},"categories":[9,7,6],"tags":[],"class_list":["post-1959","post","type-post","status-publish","format-standard","has-post-thumbnail","hentry","category-ctv-noticias","category-noticias-internacionales","category-noticias-nacionales","gallery-content-unit"],"_links":{"self":[{"href":"https:\/\/www.corrientes.tv\/ctvnoticias\/index.php?rest_route=\/wp\/v2\/posts\/1959","targetHints":{"allow":["GET"]}}],"collection":[{"href":"https:\/\/www.corrientes.tv\/ctvnoticias\/index.php?rest_route=\/wp\/v2\/posts"}],"about":[{"href":"https:\/\/www.corrientes.tv\/ctvnoticias\/index.php?rest_route=\/wp\/v2\/types\/post"}],"author":[{"embeddable":true,"href":"https:\/\/www.corrientes.tv\/ctvnoticias\/index.php?rest_route=\/wp\/v2\/users\/1"}],"replies":[{"embeddable":true,"href":"https:\/\/www.corrientes.tv\/ctvnoticias\/index.php?rest_route=%2Fwp%2Fv2%2Fcomments&post=1959"}],"version-history":[{"count":1,"href":"https:\/\/www.corrientes.tv\/ctvnoticias\/index.php?rest_route=\/wp\/v2\/posts\/1959\/revisions"}],"predecessor-version":[{"id":1961,"href":"https:\/\/www.corrientes.tv\/ctvnoticias\/index.php?rest_route=\/wp\/v2\/posts\/1959\/revisions\/1961"}],"wp:featuredmedia":[{"embeddable":true,"href":"https:\/\/www.corrientes.tv\/ctvnoticias\/index.php?rest_route=\/wp\/v2\/media\/1960"}],"wp:attachment":[{"href":"https:\/\/www.corrientes.tv\/ctvnoticias\/index.php?rest_route=%2Fwp%2Fv2%2Fmedia&parent=1959"}],"wp:term":[{"taxonomy":"category","embeddable":true,"href":"https:\/\/www.corrientes.tv\/ctvnoticias\/index.php?rest_route=%2Fwp%2Fv2%2Fcategories&post=1959"},{"taxonomy":"post_tag","embeddable":true,"href":"https:\/\/www.corrientes.tv\/ctvnoticias\/index.php?rest_route=%2Fwp%2Fv2%2Ftags&post=1959"}],"curies":[{"name":"wp","href":"https:\/\/api.w.org\/{rel}","templated":true}]}}