{"id":1962,"date":"2023-07-06T13:18:25","date_gmt":"2023-07-06T16:18:25","guid":{"rendered":"https:\/\/www.corrientes.tv\/ctvnoticias\/?p=1962"},"modified":"2023-07-06T13:19:45","modified_gmt":"2023-07-06T16:19:45","slug":"1962","status":"publish","type":"post","link":"https:\/\/www.corrientes.tv\/ctvnoticias\/?p=1962","title":{"rendered":"MASSA: Estaremos inaugurando una obra que cambia la matriz energ\u00e9tica argentina"},"content":{"rendered":"<p>En referencia a la puesta en marcha del Gasoducto N\u00e9stor Kirchner, el ministro de Econom\u00eda Sergio Massa, afirm\u00f3 que \u00abel domingo estamos inaugurando una obra que cambia la matriz energ\u00e9tica argentina\u00bb.<\/p>\n<p>Fuente: Telam S.E.<\/p>\n","protected":false},"excerpt":{"rendered":"<p>En referencia a la puesta en marcha del Gasoducto N\u00e9stor Kirchner, el ministro de Econom\u00eda Sergio Massa, afirm\u00f3 que \u00abel domingo estamos inaugurando una obra que cambia la matriz energ\u00e9tica argentina\u00bb. Fuente: Telam S.E.<\/p>\n","protected":false},"author":1,"featured_media":1963,"comment_status":"open","ping_status":"open","sticky":false,"template":"","format":"standard","meta":{"footnotes":""},"categories":[9,6],"tags":[],"class_list":["post-1962","post","type-post","status-publish","format-standard","has-post-thumbnail","hentry","category-ctv-noticias","category-noticias-nacionales","gallery-content-unit"],"_links":{"self":[{"href":"https:\/\/www.corrientes.tv\/ctvnoticias\/index.php?rest_route=\/wp\/v2\/posts\/1962","targetHints":{"allow":["GET"]}}],"collection":[{"href":"https:\/\/www.corrientes.tv\/ctvnoticias\/index.php?rest_route=\/wp\/v2\/posts"}],"about":[{"href":"https:\/\/www.corrientes.tv\/ctvnoticias\/index.php?rest_route=\/wp\/v2\/types\/post"}],"author":[{"embeddable":true,"href":"https:\/\/www.corrientes.tv\/ctvnoticias\/index.php?rest_route=\/wp\/v2\/users\/1"}],"replies":[{"embeddable":true,"href":"https:\/\/www.corrientes.tv\/ctvnoticias\/index.php?rest_route=%2Fwp%2Fv2%2Fcomments&post=1962"}],"version-history":[{"count":3,"href":"https:\/\/www.corrientes.tv\/ctvnoticias\/index.php?rest_route=\/wp\/v2\/posts\/1962\/revisions"}],"predecessor-version":[{"id":1966,"href":"https:\/\/www.corrientes.tv\/ctvnoticias\/index.php?rest_route=\/wp\/v2\/posts\/1962\/revisions\/1966"}],"wp:featuredmedia":[{"embeddable":true,"href":"https:\/\/www.corrientes.tv\/ctvnoticias\/index.php?rest_route=\/wp\/v2\/media\/1963"}],"wp:attachment":[{"href":"https:\/\/www.corrientes.tv\/ctvnoticias\/index.php?rest_route=%2Fwp%2Fv2%2Fmedia&parent=1962"}],"wp:term":[{"taxonomy":"category","embeddable":true,"href":"https:\/\/www.corrientes.tv\/ctvnoticias\/index.php?rest_route=%2Fwp%2Fv2%2Fcategories&post=1962"},{"taxonomy":"post_tag","embeddable":true,"href":"https:\/\/www.corrientes.tv\/ctvnoticias\/index.php?rest_route=%2Fwp%2Fv2%2Ftags&post=1962"}],"curies":[{"name":"wp","href":"https:\/\/api.w.org\/{rel}","templated":true}]}}