{"id":1967,"date":"2023-07-07T09:59:56","date_gmt":"2023-07-07T12:59:56","guid":{"rendered":"https:\/\/www.corrientes.tv\/ctvnoticias\/?p=1967"},"modified":"2023-07-07T10:31:44","modified_gmt":"2023-07-07T13:31:44","slug":"la-embajadora-de-francia-resalto-el-potencial-de-corrientes","status":"publish","type":"post","link":"https:\/\/www.corrientes.tv\/ctvnoticias\/?p=1967","title":{"rendered":"La Embajadora de Francia resalt\u00f3 el potencial de Corrientes"},"content":{"rendered":"<p>La embajadora de Francia en Argentina Claudia Scherer-Effosse, se reuni\u00f3 con funcionarios de la provincia de corrientes en donde destac\u00f3 el potencial en materia de desarrollo de Corrientes y afirm\u00f3 el compromiso de seguir trabajando juntos en un agenda com\u00fan para abrir el camino a futuras inversiones y exportaciones.<\/p>\n<p>Fuente: Telam SE<\/p>\n","protected":false},"excerpt":{"rendered":"<p>La embajadora de Francia en Argentina Claudia Scherer-Effosse, se reuni\u00f3 con funcionarios de la provincia de corrientes en donde destac\u00f3 el potencial en materia de desarrollo de Corrientes y afirm\u00f3 el compromiso de seguir trabajando juntos en un agenda com\u00fan para abrir el camino a futuras inversiones y exportaciones. Fuente: Telam SE<\/p>\n","protected":false},"author":1,"featured_media":1975,"comment_status":"open","ping_status":"open","sticky":false,"template":"","format":"standard","meta":{"footnotes":""},"categories":[9,4,5],"tags":[],"class_list":["post-1967","post","type-post","status-publish","format-standard","has-post-thumbnail","hentry","category-ctv-noticias","category-noticias-locales-de-corrientes","category-noticias-provinciales-de-corrientes","gallery-content-unit"],"_links":{"self":[{"href":"https:\/\/www.corrientes.tv\/ctvnoticias\/index.php?rest_route=\/wp\/v2\/posts\/1967","targetHints":{"allow":["GET"]}}],"collection":[{"href":"https:\/\/www.corrientes.tv\/ctvnoticias\/index.php?rest_route=\/wp\/v2\/posts"}],"about":[{"href":"https:\/\/www.corrientes.tv\/ctvnoticias\/index.php?rest_route=\/wp\/v2\/types\/post"}],"author":[{"embeddable":true,"href":"https:\/\/www.corrientes.tv\/ctvnoticias\/index.php?rest_route=\/wp\/v2\/users\/1"}],"replies":[{"embeddable":true,"href":"https:\/\/www.corrientes.tv\/ctvnoticias\/index.php?rest_route=%2Fwp%2Fv2%2Fcomments&post=1967"}],"version-history":[{"count":1,"href":"https:\/\/www.corrientes.tv\/ctvnoticias\/index.php?rest_route=\/wp\/v2\/posts\/1967\/revisions"}],"predecessor-version":[{"id":1969,"href":"https:\/\/www.corrientes.tv\/ctvnoticias\/index.php?rest_route=\/wp\/v2\/posts\/1967\/revisions\/1969"}],"wp:featuredmedia":[{"embeddable":true,"href":"https:\/\/www.corrientes.tv\/ctvnoticias\/index.php?rest_route=\/wp\/v2\/media\/1975"}],"wp:attachment":[{"href":"https:\/\/www.corrientes.tv\/ctvnoticias\/index.php?rest_route=%2Fwp%2Fv2%2Fmedia&parent=1967"}],"wp:term":[{"taxonomy":"category","embeddable":true,"href":"https:\/\/www.corrientes.tv\/ctvnoticias\/index.php?rest_route=%2Fwp%2Fv2%2Fcategories&post=1967"},{"taxonomy":"post_tag","embeddable":true,"href":"https:\/\/www.corrientes.tv\/ctvnoticias\/index.php?rest_route=%2Fwp%2Fv2%2Ftags&post=1967"}],"curies":[{"name":"wp","href":"https:\/\/api.w.org\/{rel}","templated":true}]}}