{"id":1970,"date":"2023-07-07T10:04:54","date_gmt":"2023-07-07T13:04:54","guid":{"rendered":"https:\/\/www.corrientes.tv\/ctvnoticias\/?p=1970"},"modified":"2023-07-07T10:41:43","modified_gmt":"2023-07-07T13:41:43","slug":"agua-oxigenada-para-cuidar-los-cultivos-de-maiz-proyecto-que-sorprende-en-el-nea","status":"publish","type":"post","link":"https:\/\/www.corrientes.tv\/ctvnoticias\/?p=1970","title":{"rendered":"Agua oxigenada para cuidar los cultivos de ma\u00edz, proyecto que sorprende en el NEA."},"content":{"rendered":"<p>Un estudiante y una docente universitaria en Corrientes se lanzaron a la comprobaci\u00f3n cient\u00edfica de que el uso de agua oxigenada puede resultar efectivo en la protecci\u00f3n ante enfermedades que afectan al ma\u00edz, como un insumo amigable con el ambiente y con potencial para solucionar un problema que se expande junto con ese cultivo en el nordeste argentino.<\/p>\n<p>Fuente: Telam SE<\/p>\n","protected":false},"excerpt":{"rendered":"<p>Un estudiante y una docente universitaria en Corrientes se lanzaron a la comprobaci\u00f3n cient\u00edfica de que el uso de agua oxigenada puede resultar efectivo en la protecci\u00f3n ante enfermedades que afectan al ma\u00edz, como un insumo amigable con el ambiente y con potencial para solucionar un problema que se expande junto con ese cultivo en [&hellip;]<\/p>\n","protected":false},"author":1,"featured_media":1976,"comment_status":"open","ping_status":"open","sticky":false,"template":"","format":"standard","meta":{"footnotes":""},"categories":[9,4,5],"tags":[],"class_list":["post-1970","post","type-post","status-publish","format-standard","has-post-thumbnail","hentry","category-ctv-noticias","category-noticias-locales-de-corrientes","category-noticias-provinciales-de-corrientes","gallery-content-unit"],"_links":{"self":[{"href":"https:\/\/www.corrientes.tv\/ctvnoticias\/index.php?rest_route=\/wp\/v2\/posts\/1970","targetHints":{"allow":["GET"]}}],"collection":[{"href":"https:\/\/www.corrientes.tv\/ctvnoticias\/index.php?rest_route=\/wp\/v2\/posts"}],"about":[{"href":"https:\/\/www.corrientes.tv\/ctvnoticias\/index.php?rest_route=\/wp\/v2\/types\/post"}],"author":[{"embeddable":true,"href":"https:\/\/www.corrientes.tv\/ctvnoticias\/index.php?rest_route=\/wp\/v2\/users\/1"}],"replies":[{"embeddable":true,"href":"https:\/\/www.corrientes.tv\/ctvnoticias\/index.php?rest_route=%2Fwp%2Fv2%2Fcomments&post=1970"}],"version-history":[{"count":1,"href":"https:\/\/www.corrientes.tv\/ctvnoticias\/index.php?rest_route=\/wp\/v2\/posts\/1970\/revisions"}],"predecessor-version":[{"id":1972,"href":"https:\/\/www.corrientes.tv\/ctvnoticias\/index.php?rest_route=\/wp\/v2\/posts\/1970\/revisions\/1972"}],"wp:featuredmedia":[{"embeddable":true,"href":"https:\/\/www.corrientes.tv\/ctvnoticias\/index.php?rest_route=\/wp\/v2\/media\/1976"}],"wp:attachment":[{"href":"https:\/\/www.corrientes.tv\/ctvnoticias\/index.php?rest_route=%2Fwp%2Fv2%2Fmedia&parent=1970"}],"wp:term":[{"taxonomy":"category","embeddable":true,"href":"https:\/\/www.corrientes.tv\/ctvnoticias\/index.php?rest_route=%2Fwp%2Fv2%2Fcategories&post=1970"},{"taxonomy":"post_tag","embeddable":true,"href":"https:\/\/www.corrientes.tv\/ctvnoticias\/index.php?rest_route=%2Fwp%2Fv2%2Ftags&post=1970"}],"curies":[{"name":"wp","href":"https:\/\/api.w.org\/{rel}","templated":true}]}}