{"id":1978,"date":"2023-07-10T11:18:06","date_gmt":"2023-07-10T14:18:06","guid":{"rendered":"https:\/\/www.corrientes.tv\/ctvnoticias\/?p=1978"},"modified":"2023-07-10T11:18:06","modified_gmt":"2023-07-10T14:18:06","slug":"el-gobierno-inauguro-el-gasoducto-nestor-kirchner-con-llamado-a-la-unidad","status":"publish","type":"post","link":"https:\/\/www.corrientes.tv\/ctvnoticias\/?p=1978","title":{"rendered":"El Gobierno inaugur\u00f3 el gasoducto N\u00e9stor Kirchner con llamado a la &#8216;unidad&#8217;"},"content":{"rendered":"<p>El presidente Alberto Fern\u00e1ndez, la vicepresidenta Cristina Fern\u00e1ndez y el ministro de Econom\u00eda y precandidato presidencial, Sergio Massa, inauguraron este domingo el Gasoducto Presidente N\u00e9stor Kirchner en la ciudad bonaerense de Salliquel\u00f3 con llamados a la \u00abunidad\u00bb del peronismo y el reconocimiento de medidas de gesti\u00f3n que fueron relevantes para el desarrollo de la obra, como la nacionalizaci\u00f3n de YPF y la sanci\u00f3n del Aporte Solidario y Extraordinario a las Grandes Fortunas.<\/p>\n<p>Fuente: Telam S.E.<\/p>\n","protected":false},"excerpt":{"rendered":"<p>El presidente Alberto Fern\u00e1ndez, la vicepresidenta Cristina Fern\u00e1ndez y el ministro de Econom\u00eda y precandidato presidencial, Sergio Massa, inauguraron este domingo el Gasoducto Presidente N\u00e9stor Kirchner en la ciudad bonaerense de Salliquel\u00f3 con llamados a la \u00abunidad\u00bb del peronismo y el reconocimiento de medidas de gesti\u00f3n que fueron relevantes para el desarrollo de la obra, [&hellip;]<\/p>\n","protected":false},"author":1,"featured_media":1979,"comment_status":"open","ping_status":"open","sticky":false,"template":"","format":"standard","meta":{"footnotes":""},"categories":[9,6],"tags":[],"class_list":["post-1978","post","type-post","status-publish","format-standard","has-post-thumbnail","hentry","category-ctv-noticias","category-noticias-nacionales","gallery-content-unit"],"_links":{"self":[{"href":"https:\/\/www.corrientes.tv\/ctvnoticias\/index.php?rest_route=\/wp\/v2\/posts\/1978","targetHints":{"allow":["GET"]}}],"collection":[{"href":"https:\/\/www.corrientes.tv\/ctvnoticias\/index.php?rest_route=\/wp\/v2\/posts"}],"about":[{"href":"https:\/\/www.corrientes.tv\/ctvnoticias\/index.php?rest_route=\/wp\/v2\/types\/post"}],"author":[{"embeddable":true,"href":"https:\/\/www.corrientes.tv\/ctvnoticias\/index.php?rest_route=\/wp\/v2\/users\/1"}],"replies":[{"embeddable":true,"href":"https:\/\/www.corrientes.tv\/ctvnoticias\/index.php?rest_route=%2Fwp%2Fv2%2Fcomments&post=1978"}],"version-history":[{"count":1,"href":"https:\/\/www.corrientes.tv\/ctvnoticias\/index.php?rest_route=\/wp\/v2\/posts\/1978\/revisions"}],"predecessor-version":[{"id":1980,"href":"https:\/\/www.corrientes.tv\/ctvnoticias\/index.php?rest_route=\/wp\/v2\/posts\/1978\/revisions\/1980"}],"wp:featuredmedia":[{"embeddable":true,"href":"https:\/\/www.corrientes.tv\/ctvnoticias\/index.php?rest_route=\/wp\/v2\/media\/1979"}],"wp:attachment":[{"href":"https:\/\/www.corrientes.tv\/ctvnoticias\/index.php?rest_route=%2Fwp%2Fv2%2Fmedia&parent=1978"}],"wp:term":[{"taxonomy":"category","embeddable":true,"href":"https:\/\/www.corrientes.tv\/ctvnoticias\/index.php?rest_route=%2Fwp%2Fv2%2Fcategories&post=1978"},{"taxonomy":"post_tag","embeddable":true,"href":"https:\/\/www.corrientes.tv\/ctvnoticias\/index.php?rest_route=%2Fwp%2Fv2%2Ftags&post=1978"}],"curies":[{"name":"wp","href":"https:\/\/api.w.org\/{rel}","templated":true}]}}