{"id":2024,"date":"2023-07-11T14:33:27","date_gmt":"2023-07-11T17:33:27","guid":{"rendered":"https:\/\/www.corrientes.tv\/ctvnoticias\/?p=2024"},"modified":"2023-07-11T14:33:27","modified_gmt":"2023-07-11T17:33:27","slug":"massa-lanza-convocatoria-para-proyectos-de-investigacion-en-nano-y-biotecnologia","status":"publish","type":"post","link":"https:\/\/www.corrientes.tv\/ctvnoticias\/?p=2024","title":{"rendered":"Massa lanza convocatoria para proyectos de investigaci\u00f3n en nano y biotecnolog\u00eda"},"content":{"rendered":"<p>El ministro de Econom\u00eda Sergio Massa, lanz\u00f3 la 4ta convocatoria del R\u00e9gimen de Promoci\u00f3n del Desarrollo y Producci\u00f3n de la Biotecnolog\u00eda Moderna y la Nanotecnolog\u00eda, que otorga beneficios fiscales y financiamiento para la investigaci\u00f3n y desarrollo de bienes y servicios para transformar al sector en un \u00abactor clave\u00bb e impulsar la inversi\u00f3n en el mismo.<\/p>\n<p>Fuente: Telam S.E.<\/p>\n","protected":false},"excerpt":{"rendered":"<p>El ministro de Econom\u00eda Sergio Massa, lanz\u00f3 la 4ta convocatoria del R\u00e9gimen de Promoci\u00f3n del Desarrollo y Producci\u00f3n de la Biotecnolog\u00eda Moderna y la Nanotecnolog\u00eda, que otorga beneficios fiscales y financiamiento para la investigaci\u00f3n y desarrollo de bienes y servicios para transformar al sector en un \u00abactor clave\u00bb e impulsar la inversi\u00f3n en el mismo. [&hellip;]<\/p>\n","protected":false},"author":1,"featured_media":2025,"comment_status":"open","ping_status":"open","sticky":false,"template":"","format":"standard","meta":{"footnotes":""},"categories":[9,7,6],"tags":[],"class_list":["post-2024","post","type-post","status-publish","format-standard","has-post-thumbnail","hentry","category-ctv-noticias","category-noticias-internacionales","category-noticias-nacionales","gallery-content-unit"],"_links":{"self":[{"href":"https:\/\/www.corrientes.tv\/ctvnoticias\/index.php?rest_route=\/wp\/v2\/posts\/2024","targetHints":{"allow":["GET"]}}],"collection":[{"href":"https:\/\/www.corrientes.tv\/ctvnoticias\/index.php?rest_route=\/wp\/v2\/posts"}],"about":[{"href":"https:\/\/www.corrientes.tv\/ctvnoticias\/index.php?rest_route=\/wp\/v2\/types\/post"}],"author":[{"embeddable":true,"href":"https:\/\/www.corrientes.tv\/ctvnoticias\/index.php?rest_route=\/wp\/v2\/users\/1"}],"replies":[{"embeddable":true,"href":"https:\/\/www.corrientes.tv\/ctvnoticias\/index.php?rest_route=%2Fwp%2Fv2%2Fcomments&post=2024"}],"version-history":[{"count":1,"href":"https:\/\/www.corrientes.tv\/ctvnoticias\/index.php?rest_route=\/wp\/v2\/posts\/2024\/revisions"}],"predecessor-version":[{"id":2026,"href":"https:\/\/www.corrientes.tv\/ctvnoticias\/index.php?rest_route=\/wp\/v2\/posts\/2024\/revisions\/2026"}],"wp:featuredmedia":[{"embeddable":true,"href":"https:\/\/www.corrientes.tv\/ctvnoticias\/index.php?rest_route=\/wp\/v2\/media\/2025"}],"wp:attachment":[{"href":"https:\/\/www.corrientes.tv\/ctvnoticias\/index.php?rest_route=%2Fwp%2Fv2%2Fmedia&parent=2024"}],"wp:term":[{"taxonomy":"category","embeddable":true,"href":"https:\/\/www.corrientes.tv\/ctvnoticias\/index.php?rest_route=%2Fwp%2Fv2%2Fcategories&post=2024"},{"taxonomy":"post_tag","embeddable":true,"href":"https:\/\/www.corrientes.tv\/ctvnoticias\/index.php?rest_route=%2Fwp%2Fv2%2Ftags&post=2024"}],"curies":[{"name":"wp","href":"https:\/\/api.w.org\/{rel}","templated":true}]}}