{"id":2027,"date":"2023-07-12T18:00:59","date_gmt":"2023-07-12T21:00:59","guid":{"rendered":"https:\/\/www.corrientes.tv\/ctvnoticias\/?p=2027"},"modified":"2023-07-12T18:00:59","modified_gmt":"2023-07-12T21:00:59","slug":"se-normalizo-el-servicio-de-colectivos-en-corrientes-tras-seis-dias-de-paro","status":"publish","type":"post","link":"https:\/\/www.corrientes.tv\/ctvnoticias\/?p=2027","title":{"rendered":"Se normaliz\u00f3 el servicio de colectivos en Corrientes tras seis d\u00edas de paro"},"content":{"rendered":"<p>El servicio de transporte de pasajeros en Corrientes se normaliz\u00f3 hoy mi\u00e9rcoles, luego de seis jornadas de paro, tras un acuerdo alcanzado entre la Uni\u00f3n Tranviarios Automotor (UTA) y las empresas de colectivos de la provincia, A partir de las 6.30 de este mi\u00e9rcoles comenzaron a circular las seis l\u00edneas del transporte urbano de pasajeros de la ciudad de Corrientes dependientes de Ersa.<\/p>\n<p>Fuente: Telam S.E.<\/p>\n","protected":false},"excerpt":{"rendered":"<p>El servicio de transporte de pasajeros en Corrientes se normaliz\u00f3 hoy mi\u00e9rcoles, luego de seis jornadas de paro, tras un acuerdo alcanzado entre la Uni\u00f3n Tranviarios Automotor (UTA) y las empresas de colectivos de la provincia, A partir de las 6.30 de este mi\u00e9rcoles comenzaron a circular las seis l\u00edneas del transporte urbano de pasajeros [&hellip;]<\/p>\n","protected":false},"author":1,"featured_media":2028,"comment_status":"open","ping_status":"open","sticky":false,"template":"","format":"standard","meta":{"footnotes":""},"categories":[9,4,6,5],"tags":[],"class_list":["post-2027","post","type-post","status-publish","format-standard","has-post-thumbnail","hentry","category-ctv-noticias","category-noticias-locales-de-corrientes","category-noticias-nacionales","category-noticias-provinciales-de-corrientes","gallery-content-unit"],"_links":{"self":[{"href":"https:\/\/www.corrientes.tv\/ctvnoticias\/index.php?rest_route=\/wp\/v2\/posts\/2027","targetHints":{"allow":["GET"]}}],"collection":[{"href":"https:\/\/www.corrientes.tv\/ctvnoticias\/index.php?rest_route=\/wp\/v2\/posts"}],"about":[{"href":"https:\/\/www.corrientes.tv\/ctvnoticias\/index.php?rest_route=\/wp\/v2\/types\/post"}],"author":[{"embeddable":true,"href":"https:\/\/www.corrientes.tv\/ctvnoticias\/index.php?rest_route=\/wp\/v2\/users\/1"}],"replies":[{"embeddable":true,"href":"https:\/\/www.corrientes.tv\/ctvnoticias\/index.php?rest_route=%2Fwp%2Fv2%2Fcomments&post=2027"}],"version-history":[{"count":1,"href":"https:\/\/www.corrientes.tv\/ctvnoticias\/index.php?rest_route=\/wp\/v2\/posts\/2027\/revisions"}],"predecessor-version":[{"id":2029,"href":"https:\/\/www.corrientes.tv\/ctvnoticias\/index.php?rest_route=\/wp\/v2\/posts\/2027\/revisions\/2029"}],"wp:featuredmedia":[{"embeddable":true,"href":"https:\/\/www.corrientes.tv\/ctvnoticias\/index.php?rest_route=\/wp\/v2\/media\/2028"}],"wp:attachment":[{"href":"https:\/\/www.corrientes.tv\/ctvnoticias\/index.php?rest_route=%2Fwp%2Fv2%2Fmedia&parent=2027"}],"wp:term":[{"taxonomy":"category","embeddable":true,"href":"https:\/\/www.corrientes.tv\/ctvnoticias\/index.php?rest_route=%2Fwp%2Fv2%2Fcategories&post=2027"},{"taxonomy":"post_tag","embeddable":true,"href":"https:\/\/www.corrientes.tv\/ctvnoticias\/index.php?rest_route=%2Fwp%2Fv2%2Ftags&post=2027"}],"curies":[{"name":"wp","href":"https:\/\/api.w.org\/{rel}","templated":true}]}}