{"id":2030,"date":"2023-07-13T15:54:58","date_gmt":"2023-07-13T18:54:58","guid":{"rendered":"https:\/\/www.corrientes.tv\/ctvnoticias\/?p=2030"},"modified":"2023-07-13T15:54:58","modified_gmt":"2023-07-13T18:54:58","slug":"taiana-y-rossi-supervisaron-la-presentacion-del-primer-tanque-tam-2ca2","status":"publish","type":"post","link":"https:\/\/www.corrientes.tv\/ctvnoticias\/?p=2030","title":{"rendered":"Taiana y Rossi supervisaron la presentaci\u00f3n del primer tanque TAM 2CA2"},"content":{"rendered":"<p>El ministro de Defensa Jorge Taiana y el jefe de Gabinete y precandidato a vicepresidente de Uni\u00f3n por la Patria, Agust\u00edn Rossi, recorrieron el Batall\u00f3n de Arsenales 602 de Boulogne Sur Mer y supervisaron la presentaci\u00f3n del primer prototipo Tanque Argentino Mediano (TAM) 2CA2, como parte del proceso de recuperaci\u00f3n de capacidad de las Fuerzas Armadas, y destacaron que el Fondo Nacional para la Defensa (Fondef) ofrece la posibilidad de \u00abplanificar el proceso de recuperaci\u00f3n y equipamiento\u00bb.<\/p>\n<p>Fuente: Telam S.E.<\/p>\n","protected":false},"excerpt":{"rendered":"<p>El ministro de Defensa Jorge Taiana y el jefe de Gabinete y precandidato a vicepresidente de Uni\u00f3n por la Patria, Agust\u00edn Rossi, recorrieron el Batall\u00f3n de Arsenales 602 de Boulogne Sur Mer y supervisaron la presentaci\u00f3n del primer prototipo Tanque Argentino Mediano (TAM) 2CA2, como parte del proceso de recuperaci\u00f3n de capacidad de las Fuerzas [&hellip;]<\/p>\n","protected":false},"author":1,"featured_media":2031,"comment_status":"open","ping_status":"open","sticky":false,"template":"","format":"standard","meta":{"footnotes":""},"categories":[9,6],"tags":[],"class_list":["post-2030","post","type-post","status-publish","format-standard","has-post-thumbnail","hentry","category-ctv-noticias","category-noticias-nacionales","gallery-content-unit"],"_links":{"self":[{"href":"https:\/\/www.corrientes.tv\/ctvnoticias\/index.php?rest_route=\/wp\/v2\/posts\/2030","targetHints":{"allow":["GET"]}}],"collection":[{"href":"https:\/\/www.corrientes.tv\/ctvnoticias\/index.php?rest_route=\/wp\/v2\/posts"}],"about":[{"href":"https:\/\/www.corrientes.tv\/ctvnoticias\/index.php?rest_route=\/wp\/v2\/types\/post"}],"author":[{"embeddable":true,"href":"https:\/\/www.corrientes.tv\/ctvnoticias\/index.php?rest_route=\/wp\/v2\/users\/1"}],"replies":[{"embeddable":true,"href":"https:\/\/www.corrientes.tv\/ctvnoticias\/index.php?rest_route=%2Fwp%2Fv2%2Fcomments&post=2030"}],"version-history":[{"count":1,"href":"https:\/\/www.corrientes.tv\/ctvnoticias\/index.php?rest_route=\/wp\/v2\/posts\/2030\/revisions"}],"predecessor-version":[{"id":2032,"href":"https:\/\/www.corrientes.tv\/ctvnoticias\/index.php?rest_route=\/wp\/v2\/posts\/2030\/revisions\/2032"}],"wp:featuredmedia":[{"embeddable":true,"href":"https:\/\/www.corrientes.tv\/ctvnoticias\/index.php?rest_route=\/wp\/v2\/media\/2031"}],"wp:attachment":[{"href":"https:\/\/www.corrientes.tv\/ctvnoticias\/index.php?rest_route=%2Fwp%2Fv2%2Fmedia&parent=2030"}],"wp:term":[{"taxonomy":"category","embeddable":true,"href":"https:\/\/www.corrientes.tv\/ctvnoticias\/index.php?rest_route=%2Fwp%2Fv2%2Fcategories&post=2030"},{"taxonomy":"post_tag","embeddable":true,"href":"https:\/\/www.corrientes.tv\/ctvnoticias\/index.php?rest_route=%2Fwp%2Fv2%2Ftags&post=2030"}],"curies":[{"name":"wp","href":"https:\/\/api.w.org\/{rel}","templated":true}]}}