{"id":2063,"date":"2023-07-14T22:35:50","date_gmt":"2023-07-15T01:35:50","guid":{"rendered":"https:\/\/www.corrientes.tv\/ctvnoticias\/?p=2063"},"modified":"2023-07-14T22:39:21","modified_gmt":"2023-07-15T01:39:21","slug":"la-unne-adhiere-al-cin-que-exige-respeto-a-la-autonomia-universitaria-en-jujuy","status":"publish","type":"post","link":"https:\/\/www.corrientes.tv\/ctvnoticias\/?p=2063","title":{"rendered":"La UNNE adhiere al CIN que exige respeto a la autonom\u00eda universitaria en Jujuy"},"content":{"rendered":"<p>La Universidad nacional del nordeste adhiri\u00f3 a la posici\u00f3n del CIN que exige respeto a la autonom\u00eda universitaria en Jujuy, Desde el Consejo Interuniversitario Nacional se emiti\u00f3 un comunicado en rechazo a acciones oficiales en Jujuy que avasallan instituciones universitarias y su labor en beneficio de la comunidad, asimismo alertan sobre la intenci\u00f3n del gobierno juje\u00f1o de expropiar tierras donde se realizan importantes tareas de extensi\u00f3n y repudian el atropello policial en la Universidad Nacional de Jujuy.<\/p>\n","protected":false},"excerpt":{"rendered":"<p>La Universidad nacional del nordeste adhiri\u00f3 a la posici\u00f3n del CIN que exige respeto a la autonom\u00eda universitaria en Jujuy, Desde el Consejo Interuniversitario Nacional se emiti\u00f3 un comunicado en rechazo a acciones oficiales en Jujuy que avasallan instituciones universitarias y su labor en beneficio de la comunidad, asimismo alertan sobre la intenci\u00f3n del gobierno [&hellip;]<\/p>\n","protected":false},"author":1,"featured_media":2066,"comment_status":"open","ping_status":"open","sticky":false,"template":"","format":"standard","meta":{"footnotes":""},"categories":[9,4,6,5],"tags":[],"class_list":["post-2063","post","type-post","status-publish","format-standard","has-post-thumbnail","hentry","category-ctv-noticias","category-noticias-locales-de-corrientes","category-noticias-nacionales","category-noticias-provinciales-de-corrientes","gallery-content-unit"],"_links":{"self":[{"href":"https:\/\/www.corrientes.tv\/ctvnoticias\/index.php?rest_route=\/wp\/v2\/posts\/2063","targetHints":{"allow":["GET"]}}],"collection":[{"href":"https:\/\/www.corrientes.tv\/ctvnoticias\/index.php?rest_route=\/wp\/v2\/posts"}],"about":[{"href":"https:\/\/www.corrientes.tv\/ctvnoticias\/index.php?rest_route=\/wp\/v2\/types\/post"}],"author":[{"embeddable":true,"href":"https:\/\/www.corrientes.tv\/ctvnoticias\/index.php?rest_route=\/wp\/v2\/users\/1"}],"replies":[{"embeddable":true,"href":"https:\/\/www.corrientes.tv\/ctvnoticias\/index.php?rest_route=%2Fwp%2Fv2%2Fcomments&post=2063"}],"version-history":[{"count":1,"href":"https:\/\/www.corrientes.tv\/ctvnoticias\/index.php?rest_route=\/wp\/v2\/posts\/2063\/revisions"}],"predecessor-version":[{"id":2065,"href":"https:\/\/www.corrientes.tv\/ctvnoticias\/index.php?rest_route=\/wp\/v2\/posts\/2063\/revisions\/2065"}],"wp:featuredmedia":[{"embeddable":true,"href":"https:\/\/www.corrientes.tv\/ctvnoticias\/index.php?rest_route=\/wp\/v2\/media\/2066"}],"wp:attachment":[{"href":"https:\/\/www.corrientes.tv\/ctvnoticias\/index.php?rest_route=%2Fwp%2Fv2%2Fmedia&parent=2063"}],"wp:term":[{"taxonomy":"category","embeddable":true,"href":"https:\/\/www.corrientes.tv\/ctvnoticias\/index.php?rest_route=%2Fwp%2Fv2%2Fcategories&post=2063"},{"taxonomy":"post_tag","embeddable":true,"href":"https:\/\/www.corrientes.tv\/ctvnoticias\/index.php?rest_route=%2Fwp%2Fv2%2Ftags&post=2063"}],"curies":[{"name":"wp","href":"https:\/\/api.w.org\/{rel}","templated":true}]}}