{"id":2067,"date":"2023-07-17T01:48:00","date_gmt":"2023-07-17T04:48:00","guid":{"rendered":"https:\/\/www.corrientes.tv\/ctvnoticias\/?p=2067"},"modified":"2023-07-17T01:48:00","modified_gmt":"2023-07-17T04:48:00","slug":"losada-asumio-la-derrota-ante-maximiliano-pullaro-en-las-paso","status":"publish","type":"post","link":"https:\/\/www.corrientes.tv\/ctvnoticias\/?p=2067","title":{"rendered":"Losada asumi\u00f3 la derrota ante Maximiliano Pullaro en las PASO"},"content":{"rendered":"<p>El radical Maximiliano Pullaro obtuvo este domingo un claro triunfo sobre Carolina Losada en las PASO de la provincia de Santa Fe y ser\u00e1 el candidato a gobernador de Unidos para Cambiar Santa Fe, expresi\u00f3n de Juntos por el Cambio en la provincia, en tanto el senador Marcelo Lewandowski ser\u00e1 el postulante peronista en las generales del 10 de septiembre tras su holgada victoria en la interna partidaria.<\/p>\n<p>Fuente: Telam S.E.<\/p>\n","protected":false},"excerpt":{"rendered":"<p>El radical Maximiliano Pullaro obtuvo este domingo un claro triunfo sobre Carolina Losada en las PASO de la provincia de Santa Fe y ser\u00e1 el candidato a gobernador de Unidos para Cambiar Santa Fe, expresi\u00f3n de Juntos por el Cambio en la provincia, en tanto el senador Marcelo Lewandowski ser\u00e1 el postulante peronista en las [&hellip;]<\/p>\n","protected":false},"author":1,"featured_media":2068,"comment_status":"open","ping_status":"open","sticky":false,"template":"","format":"standard","meta":{"footnotes":""},"categories":[9,6],"tags":[],"class_list":["post-2067","post","type-post","status-publish","format-standard","has-post-thumbnail","hentry","category-ctv-noticias","category-noticias-nacionales","gallery-content-unit"],"_links":{"self":[{"href":"https:\/\/www.corrientes.tv\/ctvnoticias\/index.php?rest_route=\/wp\/v2\/posts\/2067","targetHints":{"allow":["GET"]}}],"collection":[{"href":"https:\/\/www.corrientes.tv\/ctvnoticias\/index.php?rest_route=\/wp\/v2\/posts"}],"about":[{"href":"https:\/\/www.corrientes.tv\/ctvnoticias\/index.php?rest_route=\/wp\/v2\/types\/post"}],"author":[{"embeddable":true,"href":"https:\/\/www.corrientes.tv\/ctvnoticias\/index.php?rest_route=\/wp\/v2\/users\/1"}],"replies":[{"embeddable":true,"href":"https:\/\/www.corrientes.tv\/ctvnoticias\/index.php?rest_route=%2Fwp%2Fv2%2Fcomments&post=2067"}],"version-history":[{"count":1,"href":"https:\/\/www.corrientes.tv\/ctvnoticias\/index.php?rest_route=\/wp\/v2\/posts\/2067\/revisions"}],"predecessor-version":[{"id":2069,"href":"https:\/\/www.corrientes.tv\/ctvnoticias\/index.php?rest_route=\/wp\/v2\/posts\/2067\/revisions\/2069"}],"wp:featuredmedia":[{"embeddable":true,"href":"https:\/\/www.corrientes.tv\/ctvnoticias\/index.php?rest_route=\/wp\/v2\/media\/2068"}],"wp:attachment":[{"href":"https:\/\/www.corrientes.tv\/ctvnoticias\/index.php?rest_route=%2Fwp%2Fv2%2Fmedia&parent=2067"}],"wp:term":[{"taxonomy":"category","embeddable":true,"href":"https:\/\/www.corrientes.tv\/ctvnoticias\/index.php?rest_route=%2Fwp%2Fv2%2Fcategories&post=2067"},{"taxonomy":"post_tag","embeddable":true,"href":"https:\/\/www.corrientes.tv\/ctvnoticias\/index.php?rest_route=%2Fwp%2Fv2%2Ftags&post=2067"}],"curies":[{"name":"wp","href":"https:\/\/api.w.org\/{rel}","templated":true}]}}