{"id":2070,"date":"2023-07-17T01:50:52","date_gmt":"2023-07-17T04:50:52","guid":{"rendered":"https:\/\/www.corrientes.tv\/ctvnoticias\/?p=2070"},"modified":"2023-07-17T01:50:52","modified_gmt":"2023-07-17T04:50:52","slug":"presentacion-del-nuevo-billete-de-1000-que-homenajea-a-san-martin","status":"publish","type":"post","link":"https:\/\/www.corrientes.tv\/ctvnoticias\/?p=2070","title":{"rendered":"Presentaci\u00f3n del nuevo billete de $1000 que homenajea a San Mart\u00edn"},"content":{"rendered":"<p>El Banco Central puso este viernes en circulaci\u00f3n el nuevo billete de $1.000 con la imagen de Jos\u00e9 de San Mart\u00edn, que ser\u00e1 distribuido progresivamente a trav\u00e9s de la red de sucursales bancarias a todo el pa\u00eds.<br \/>\n\u00abDe esta manera, se da inicio a una nueva familia de billetes que marca la recuperaci\u00f3n de figuras hist\u00f3ricas que forjaron nuestro pa\u00eds\u00bb, se\u00f1al\u00f3 la autoridad monetaria en un comunicado, en referencia a la serie \u00abHero\u00ednas y h\u00e9roes de la Patria\u00bb, que re\u00fane a seis personalidades en cuatro billetes.<\/p>\n<p>Fuente: Telam S.E.<\/p>\n","protected":false},"excerpt":{"rendered":"<p>El Banco Central puso este viernes en circulaci\u00f3n el nuevo billete de $1.000 con la imagen de Jos\u00e9 de San Mart\u00edn, que ser\u00e1 distribuido progresivamente a trav\u00e9s de la red de sucursales bancarias a todo el pa\u00eds. \u00abDe esta manera, se da inicio a una nueva familia de billetes que marca la recuperaci\u00f3n de figuras [&hellip;]<\/p>\n","protected":false},"author":1,"featured_media":2071,"comment_status":"open","ping_status":"open","sticky":false,"template":"","format":"standard","meta":{"footnotes":""},"categories":[9,6],"tags":[],"class_list":["post-2070","post","type-post","status-publish","format-standard","has-post-thumbnail","hentry","category-ctv-noticias","category-noticias-nacionales","gallery-content-unit"],"_links":{"self":[{"href":"https:\/\/www.corrientes.tv\/ctvnoticias\/index.php?rest_route=\/wp\/v2\/posts\/2070","targetHints":{"allow":["GET"]}}],"collection":[{"href":"https:\/\/www.corrientes.tv\/ctvnoticias\/index.php?rest_route=\/wp\/v2\/posts"}],"about":[{"href":"https:\/\/www.corrientes.tv\/ctvnoticias\/index.php?rest_route=\/wp\/v2\/types\/post"}],"author":[{"embeddable":true,"href":"https:\/\/www.corrientes.tv\/ctvnoticias\/index.php?rest_route=\/wp\/v2\/users\/1"}],"replies":[{"embeddable":true,"href":"https:\/\/www.corrientes.tv\/ctvnoticias\/index.php?rest_route=%2Fwp%2Fv2%2Fcomments&post=2070"}],"version-history":[{"count":1,"href":"https:\/\/www.corrientes.tv\/ctvnoticias\/index.php?rest_route=\/wp\/v2\/posts\/2070\/revisions"}],"predecessor-version":[{"id":2072,"href":"https:\/\/www.corrientes.tv\/ctvnoticias\/index.php?rest_route=\/wp\/v2\/posts\/2070\/revisions\/2072"}],"wp:featuredmedia":[{"embeddable":true,"href":"https:\/\/www.corrientes.tv\/ctvnoticias\/index.php?rest_route=\/wp\/v2\/media\/2071"}],"wp:attachment":[{"href":"https:\/\/www.corrientes.tv\/ctvnoticias\/index.php?rest_route=%2Fwp%2Fv2%2Fmedia&parent=2070"}],"wp:term":[{"taxonomy":"category","embeddable":true,"href":"https:\/\/www.corrientes.tv\/ctvnoticias\/index.php?rest_route=%2Fwp%2Fv2%2Fcategories&post=2070"},{"taxonomy":"post_tag","embeddable":true,"href":"https:\/\/www.corrientes.tv\/ctvnoticias\/index.php?rest_route=%2Fwp%2Fv2%2Ftags&post=2070"}],"curies":[{"name":"wp","href":"https:\/\/api.w.org\/{rel}","templated":true}]}}