{"id":2171,"date":"2023-07-19T04:31:53","date_gmt":"2023-07-19T07:31:53","guid":{"rendered":"https:\/\/www.corrientes.tv\/ctvnoticias\/?p=2171"},"modified":"2023-07-19T04:31:53","modified_gmt":"2023-07-19T07:31:53","slug":"massa-anuncio-medidas-de-deduccion-de-impuestos-para-pymes","status":"publish","type":"post","link":"https:\/\/www.corrientes.tv\/ctvnoticias\/?p=2171","title":{"rendered":"Massa anunci\u00f3 medidas de deducci\u00f3n de impuestos para PYMES"},"content":{"rendered":"<p>El ministro de Econom\u00eda, Sergio Massa, anunci\u00f3 medidas de deducci\u00f3n de impuestos para las peque\u00f1as y medianas empresas de los tributos a los cr\u00e9ditos y d\u00e9bitos bancarios, del impuesto a las ganancias y del sistema de percepciones y retenciones del Impuesto al Valor Agregado (IVA).<\/p>\n<p>Fuente: Telam S.E.<\/p>\n","protected":false},"excerpt":{"rendered":"<p>El ministro de Econom\u00eda, Sergio Massa, anunci\u00f3 medidas de deducci\u00f3n de impuestos para las peque\u00f1as y medianas empresas de los tributos a los cr\u00e9ditos y d\u00e9bitos bancarios, del impuesto a las ganancias y del sistema de percepciones y retenciones del Impuesto al Valor Agregado (IVA). Fuente: Telam S.E.<\/p>\n","protected":false},"author":1,"featured_media":2172,"comment_status":"open","ping_status":"open","sticky":false,"template":"","format":"standard","meta":{"footnotes":""},"categories":[9,6],"tags":[],"class_list":["post-2171","post","type-post","status-publish","format-standard","has-post-thumbnail","hentry","category-ctv-noticias","category-noticias-nacionales","gallery-content-unit"],"_links":{"self":[{"href":"https:\/\/www.corrientes.tv\/ctvnoticias\/index.php?rest_route=\/wp\/v2\/posts\/2171","targetHints":{"allow":["GET"]}}],"collection":[{"href":"https:\/\/www.corrientes.tv\/ctvnoticias\/index.php?rest_route=\/wp\/v2\/posts"}],"about":[{"href":"https:\/\/www.corrientes.tv\/ctvnoticias\/index.php?rest_route=\/wp\/v2\/types\/post"}],"author":[{"embeddable":true,"href":"https:\/\/www.corrientes.tv\/ctvnoticias\/index.php?rest_route=\/wp\/v2\/users\/1"}],"replies":[{"embeddable":true,"href":"https:\/\/www.corrientes.tv\/ctvnoticias\/index.php?rest_route=%2Fwp%2Fv2%2Fcomments&post=2171"}],"version-history":[{"count":1,"href":"https:\/\/www.corrientes.tv\/ctvnoticias\/index.php?rest_route=\/wp\/v2\/posts\/2171\/revisions"}],"predecessor-version":[{"id":2173,"href":"https:\/\/www.corrientes.tv\/ctvnoticias\/index.php?rest_route=\/wp\/v2\/posts\/2171\/revisions\/2173"}],"wp:featuredmedia":[{"embeddable":true,"href":"https:\/\/www.corrientes.tv\/ctvnoticias\/index.php?rest_route=\/wp\/v2\/media\/2172"}],"wp:attachment":[{"href":"https:\/\/www.corrientes.tv\/ctvnoticias\/index.php?rest_route=%2Fwp%2Fv2%2Fmedia&parent=2171"}],"wp:term":[{"taxonomy":"category","embeddable":true,"href":"https:\/\/www.corrientes.tv\/ctvnoticias\/index.php?rest_route=%2Fwp%2Fv2%2Fcategories&post=2171"},{"taxonomy":"post_tag","embeddable":true,"href":"https:\/\/www.corrientes.tv\/ctvnoticias\/index.php?rest_route=%2Fwp%2Fv2%2Ftags&post=2171"}],"curies":[{"name":"wp","href":"https:\/\/api.w.org\/{rel}","templated":true}]}}