{"id":2174,"date":"2023-07-19T04:33:26","date_gmt":"2023-07-19T07:33:26","guid":{"rendered":"https:\/\/www.corrientes.tv\/ctvnoticias\/?p=2174"},"modified":"2023-07-19T04:33:26","modified_gmt":"2023-07-19T07:33:26","slug":"memoria-activa-realizo-su-homenaje-por-el-29o-aniversario-del-atentado-a-la-amia","status":"publish","type":"post","link":"https:\/\/www.corrientes.tv\/ctvnoticias\/?p=2174","title":{"rendered":"Memoria Activa realiz\u00f3 su homenaje por el 29\u00ba aniversario del atentado a la AMIA"},"content":{"rendered":"<p>La agrupaci\u00f3n Memoria Activa, que re\u00fane a familiares del atentado a la AMIA, llev\u00f3 a cabo un acto por el 29\u00ba aniversario del atentado perpetrado a la mutual jud\u00eda, que provoc\u00f3 la muerte de 85 personas y m\u00e1s de 300 heridos, informaron los organizadores.<\/p>\n<p>Fuente: Telam S.E.<\/p>\n","protected":false},"excerpt":{"rendered":"<p>La agrupaci\u00f3n Memoria Activa, que re\u00fane a familiares del atentado a la AMIA, llev\u00f3 a cabo un acto por el 29\u00ba aniversario del atentado perpetrado a la mutual jud\u00eda, que provoc\u00f3 la muerte de 85 personas y m\u00e1s de 300 heridos, informaron los organizadores. Fuente: Telam S.E.<\/p>\n","protected":false},"author":1,"featured_media":2175,"comment_status":"open","ping_status":"open","sticky":false,"template":"","format":"standard","meta":{"footnotes":""},"categories":[9,7,6],"tags":[],"class_list":["post-2174","post","type-post","status-publish","format-standard","has-post-thumbnail","hentry","category-ctv-noticias","category-noticias-internacionales","category-noticias-nacionales","gallery-content-unit"],"_links":{"self":[{"href":"https:\/\/www.corrientes.tv\/ctvnoticias\/index.php?rest_route=\/wp\/v2\/posts\/2174","targetHints":{"allow":["GET"]}}],"collection":[{"href":"https:\/\/www.corrientes.tv\/ctvnoticias\/index.php?rest_route=\/wp\/v2\/posts"}],"about":[{"href":"https:\/\/www.corrientes.tv\/ctvnoticias\/index.php?rest_route=\/wp\/v2\/types\/post"}],"author":[{"embeddable":true,"href":"https:\/\/www.corrientes.tv\/ctvnoticias\/index.php?rest_route=\/wp\/v2\/users\/1"}],"replies":[{"embeddable":true,"href":"https:\/\/www.corrientes.tv\/ctvnoticias\/index.php?rest_route=%2Fwp%2Fv2%2Fcomments&post=2174"}],"version-history":[{"count":1,"href":"https:\/\/www.corrientes.tv\/ctvnoticias\/index.php?rest_route=\/wp\/v2\/posts\/2174\/revisions"}],"predecessor-version":[{"id":2176,"href":"https:\/\/www.corrientes.tv\/ctvnoticias\/index.php?rest_route=\/wp\/v2\/posts\/2174\/revisions\/2176"}],"wp:featuredmedia":[{"embeddable":true,"href":"https:\/\/www.corrientes.tv\/ctvnoticias\/index.php?rest_route=\/wp\/v2\/media\/2175"}],"wp:attachment":[{"href":"https:\/\/www.corrientes.tv\/ctvnoticias\/index.php?rest_route=%2Fwp%2Fv2%2Fmedia&parent=2174"}],"wp:term":[{"taxonomy":"category","embeddable":true,"href":"https:\/\/www.corrientes.tv\/ctvnoticias\/index.php?rest_route=%2Fwp%2Fv2%2Fcategories&post=2174"},{"taxonomy":"post_tag","embeddable":true,"href":"https:\/\/www.corrientes.tv\/ctvnoticias\/index.php?rest_route=%2Fwp%2Fv2%2Ftags&post=2174"}],"curies":[{"name":"wp","href":"https:\/\/api.w.org\/{rel}","templated":true}]}}