{"id":2177,"date":"2023-07-19T04:34:52","date_gmt":"2023-07-19T07:34:52","guid":{"rendered":"https:\/\/www.corrientes.tv\/ctvnoticias\/?p=2177"},"modified":"2023-07-19T04:34:52","modified_gmt":"2023-07-19T07:34:52","slug":"el-presidente-participo-de-un-encuentro-para-lideres-del-arco-progresista","status":"publish","type":"post","link":"https:\/\/www.corrientes.tv\/ctvnoticias\/?p=2177","title":{"rendered":"El Presidente particip\u00f3 de un encuentro para l\u00edderes del arco progresista"},"content":{"rendered":"<p>El presidente Alberto Fern\u00e1ndez particip\u00f3 este martes de un encuentro del arco del progresismo dentro de la cumbre Uni\u00f3n Europea (UE)-Comunidad de Estados Latinoamericanos y Caribe\u00f1os (Celac), organizada por el Partido de los Socialistas Europeos (PES), denominado \u00abJuntos por la Justicia Global\u00bb.<\/p>\n<p>Fuente: Telam S.E.<\/p>\n<p>&nbsp;<\/p>\n","protected":false},"excerpt":{"rendered":"<p>El presidente Alberto Fern\u00e1ndez particip\u00f3 este martes de un encuentro del arco del progresismo dentro de la cumbre Uni\u00f3n Europea (UE)-Comunidad de Estados Latinoamericanos y Caribe\u00f1os (Celac), organizada por el Partido de los Socialistas Europeos (PES), denominado \u00abJuntos por la Justicia Global\u00bb. Fuente: Telam S.E. &nbsp;<\/p>\n","protected":false},"author":1,"featured_media":2178,"comment_status":"open","ping_status":"open","sticky":false,"template":"","format":"standard","meta":{"footnotes":""},"categories":[9,7,6],"tags":[],"class_list":["post-2177","post","type-post","status-publish","format-standard","has-post-thumbnail","hentry","category-ctv-noticias","category-noticias-internacionales","category-noticias-nacionales","gallery-content-unit"],"_links":{"self":[{"href":"https:\/\/www.corrientes.tv\/ctvnoticias\/index.php?rest_route=\/wp\/v2\/posts\/2177","targetHints":{"allow":["GET"]}}],"collection":[{"href":"https:\/\/www.corrientes.tv\/ctvnoticias\/index.php?rest_route=\/wp\/v2\/posts"}],"about":[{"href":"https:\/\/www.corrientes.tv\/ctvnoticias\/index.php?rest_route=\/wp\/v2\/types\/post"}],"author":[{"embeddable":true,"href":"https:\/\/www.corrientes.tv\/ctvnoticias\/index.php?rest_route=\/wp\/v2\/users\/1"}],"replies":[{"embeddable":true,"href":"https:\/\/www.corrientes.tv\/ctvnoticias\/index.php?rest_route=%2Fwp%2Fv2%2Fcomments&post=2177"}],"version-history":[{"count":2,"href":"https:\/\/www.corrientes.tv\/ctvnoticias\/index.php?rest_route=\/wp\/v2\/posts\/2177\/revisions"}],"predecessor-version":[{"id":2180,"href":"https:\/\/www.corrientes.tv\/ctvnoticias\/index.php?rest_route=\/wp\/v2\/posts\/2177\/revisions\/2180"}],"wp:featuredmedia":[{"embeddable":true,"href":"https:\/\/www.corrientes.tv\/ctvnoticias\/index.php?rest_route=\/wp\/v2\/media\/2178"}],"wp:attachment":[{"href":"https:\/\/www.corrientes.tv\/ctvnoticias\/index.php?rest_route=%2Fwp%2Fv2%2Fmedia&parent=2177"}],"wp:term":[{"taxonomy":"category","embeddable":true,"href":"https:\/\/www.corrientes.tv\/ctvnoticias\/index.php?rest_route=%2Fwp%2Fv2%2Fcategories&post=2177"},{"taxonomy":"post_tag","embeddable":true,"href":"https:\/\/www.corrientes.tv\/ctvnoticias\/index.php?rest_route=%2Fwp%2Fv2%2Ftags&post=2177"}],"curies":[{"name":"wp","href":"https:\/\/api.w.org\/{rel}","templated":true}]}}