{"id":2181,"date":"2023-07-20T05:16:32","date_gmt":"2023-07-20T08:16:32","guid":{"rendered":"https:\/\/www.corrientes.tv\/ctvnoticias\/?p=2181"},"modified":"2023-07-20T05:16:32","modified_gmt":"2023-07-20T08:16:32","slug":"en-apenas-3-dias-el-centro-del-pais-pasara-de-alerta-por-frio-a-29-celsius","status":"publish","type":"post","link":"https:\/\/www.corrientes.tv\/ctvnoticias\/?p=2181","title":{"rendered":"En apenas 3 d\u00edas el centro del pa\u00eds pasar\u00e1 de alerta por fr\u00edo a 29\u00b0 Celsius."},"content":{"rendered":"<p>La regi\u00f3n central del pa\u00eds vivir\u00e1 un fin de semana primaveral con marcas t\u00e9rmicas m\u00e1ximas que rondar\u00e1n entre los 25 y 29 grados celsius, situaci\u00f3n impensada d\u00edas atr\u00e1s cuando se registraban temperaturas bajo cero y m\u00e1s de la mitad del territorio nacional se encontraba bajo alerta amarilla por fr\u00edo.<\/p>\n<p>Fuente: Telam S.E.<\/p>\n","protected":false},"excerpt":{"rendered":"<p>La regi\u00f3n central del pa\u00eds vivir\u00e1 un fin de semana primaveral con marcas t\u00e9rmicas m\u00e1ximas que rondar\u00e1n entre los 25 y 29 grados celsius, situaci\u00f3n impensada d\u00edas atr\u00e1s cuando se registraban temperaturas bajo cero y m\u00e1s de la mitad del territorio nacional se encontraba bajo alerta amarilla por fr\u00edo. Fuente: Telam S.E.<\/p>\n","protected":false},"author":1,"featured_media":2182,"comment_status":"open","ping_status":"open","sticky":false,"template":"","format":"standard","meta":{"footnotes":""},"categories":[9,4,6,5],"tags":[],"class_list":["post-2181","post","type-post","status-publish","format-standard","has-post-thumbnail","hentry","category-ctv-noticias","category-noticias-locales-de-corrientes","category-noticias-nacionales","category-noticias-provinciales-de-corrientes","gallery-content-unit"],"_links":{"self":[{"href":"https:\/\/www.corrientes.tv\/ctvnoticias\/index.php?rest_route=\/wp\/v2\/posts\/2181","targetHints":{"allow":["GET"]}}],"collection":[{"href":"https:\/\/www.corrientes.tv\/ctvnoticias\/index.php?rest_route=\/wp\/v2\/posts"}],"about":[{"href":"https:\/\/www.corrientes.tv\/ctvnoticias\/index.php?rest_route=\/wp\/v2\/types\/post"}],"author":[{"embeddable":true,"href":"https:\/\/www.corrientes.tv\/ctvnoticias\/index.php?rest_route=\/wp\/v2\/users\/1"}],"replies":[{"embeddable":true,"href":"https:\/\/www.corrientes.tv\/ctvnoticias\/index.php?rest_route=%2Fwp%2Fv2%2Fcomments&post=2181"}],"version-history":[{"count":1,"href":"https:\/\/www.corrientes.tv\/ctvnoticias\/index.php?rest_route=\/wp\/v2\/posts\/2181\/revisions"}],"predecessor-version":[{"id":2183,"href":"https:\/\/www.corrientes.tv\/ctvnoticias\/index.php?rest_route=\/wp\/v2\/posts\/2181\/revisions\/2183"}],"wp:featuredmedia":[{"embeddable":true,"href":"https:\/\/www.corrientes.tv\/ctvnoticias\/index.php?rest_route=\/wp\/v2\/media\/2182"}],"wp:attachment":[{"href":"https:\/\/www.corrientes.tv\/ctvnoticias\/index.php?rest_route=%2Fwp%2Fv2%2Fmedia&parent=2181"}],"wp:term":[{"taxonomy":"category","embeddable":true,"href":"https:\/\/www.corrientes.tv\/ctvnoticias\/index.php?rest_route=%2Fwp%2Fv2%2Fcategories&post=2181"},{"taxonomy":"post_tag","embeddable":true,"href":"https:\/\/www.corrientes.tv\/ctvnoticias\/index.php?rest_route=%2Fwp%2Fv2%2Ftags&post=2181"}],"curies":[{"name":"wp","href":"https:\/\/api.w.org\/{rel}","templated":true}]}}