{"id":2187,"date":"2023-07-21T07:03:35","date_gmt":"2023-07-21T10:03:35","guid":{"rendered":"https:\/\/www.corrientes.tv\/ctvnoticias\/?p=2187"},"modified":"2023-07-21T07:03:35","modified_gmt":"2023-07-21T10:03:35","slug":"el-reino-unido-reprocho-a-la-ue-por-haberse-referido-a-malvinas-con-ese-nombre","status":"publish","type":"post","link":"https:\/\/www.corrientes.tv\/ctvnoticias\/?p=2187","title":{"rendered":"El Reino Unido reproch\u00f3 a la UE por haberse referido a Malvinas con ese nombre"},"content":{"rendered":"<p>El Gobierno brit\u00e1nico consider\u00f3 \u00ablamentable\u00bb que la Uni\u00f3n Europea (UE) se haya referido a las Islas Malvinas con ese nombre en la declaraci\u00f3n que suscribi\u00f3 el martes \u00faltimo con la Comunidad de Estados Latinoamericanos y Caribe\u00f1os (Celac) en el que se reconoci\u00f3 la existencia de una disputa entre la Argentina y el Reino Unido por la soberan\u00eda sobre el archipi\u00e9lago.<\/p>\n<p>Fuente: Telam S.E.<\/p>\n","protected":false},"excerpt":{"rendered":"<p>El Gobierno brit\u00e1nico consider\u00f3 \u00ablamentable\u00bb que la Uni\u00f3n Europea (UE) se haya referido a las Islas Malvinas con ese nombre en la declaraci\u00f3n que suscribi\u00f3 el martes \u00faltimo con la Comunidad de Estados Latinoamericanos y Caribe\u00f1os (Celac) en el que se reconoci\u00f3 la existencia de una disputa entre la Argentina y el Reino Unido por [&hellip;]<\/p>\n","protected":false},"author":1,"featured_media":2188,"comment_status":"open","ping_status":"open","sticky":false,"template":"","format":"standard","meta":{"footnotes":""},"categories":[9,7,6],"tags":[],"class_list":["post-2187","post","type-post","status-publish","format-standard","has-post-thumbnail","hentry","category-ctv-noticias","category-noticias-internacionales","category-noticias-nacionales","gallery-content-unit"],"_links":{"self":[{"href":"https:\/\/www.corrientes.tv\/ctvnoticias\/index.php?rest_route=\/wp\/v2\/posts\/2187","targetHints":{"allow":["GET"]}}],"collection":[{"href":"https:\/\/www.corrientes.tv\/ctvnoticias\/index.php?rest_route=\/wp\/v2\/posts"}],"about":[{"href":"https:\/\/www.corrientes.tv\/ctvnoticias\/index.php?rest_route=\/wp\/v2\/types\/post"}],"author":[{"embeddable":true,"href":"https:\/\/www.corrientes.tv\/ctvnoticias\/index.php?rest_route=\/wp\/v2\/users\/1"}],"replies":[{"embeddable":true,"href":"https:\/\/www.corrientes.tv\/ctvnoticias\/index.php?rest_route=%2Fwp%2Fv2%2Fcomments&post=2187"}],"version-history":[{"count":1,"href":"https:\/\/www.corrientes.tv\/ctvnoticias\/index.php?rest_route=\/wp\/v2\/posts\/2187\/revisions"}],"predecessor-version":[{"id":2189,"href":"https:\/\/www.corrientes.tv\/ctvnoticias\/index.php?rest_route=\/wp\/v2\/posts\/2187\/revisions\/2189"}],"wp:featuredmedia":[{"embeddable":true,"href":"https:\/\/www.corrientes.tv\/ctvnoticias\/index.php?rest_route=\/wp\/v2\/media\/2188"}],"wp:attachment":[{"href":"https:\/\/www.corrientes.tv\/ctvnoticias\/index.php?rest_route=%2Fwp%2Fv2%2Fmedia&parent=2187"}],"wp:term":[{"taxonomy":"category","embeddable":true,"href":"https:\/\/www.corrientes.tv\/ctvnoticias\/index.php?rest_route=%2Fwp%2Fv2%2Fcategories&post=2187"},{"taxonomy":"post_tag","embeddable":true,"href":"https:\/\/www.corrientes.tv\/ctvnoticias\/index.php?rest_route=%2Fwp%2Fv2%2Ftags&post=2187"}],"curies":[{"name":"wp","href":"https:\/\/api.w.org\/{rel}","templated":true}]}}