{"id":2218,"date":"2023-08-01T16:53:40","date_gmt":"2023-08-01T19:53:40","guid":{"rendered":"https:\/\/www.corrientes.tv\/ctvnoticias\/?p=2218"},"modified":"2023-08-01T16:53:40","modified_gmt":"2023-08-01T19:53:40","slug":"telam-rta-y-contenidos-publicos-suscribieron-acuerdos-con-la-brasilena-ebc","status":"publish","type":"post","link":"https:\/\/www.corrientes.tv\/ctvnoticias\/?p=2218","title":{"rendered":"T\u00e9lam, RTA y Contenidos P\u00fablicos suscribieron acuerdos con la brasile\u00f1a EBC"},"content":{"rendered":"<p>Las autoridades de los medios p\u00fablicos de Argentina y el titular de la Empresa Brasil de Comunicaci\u00f3n (EBC) suscribieron en la Casa Rosada un convenio de cooperaci\u00f3n que permitir\u00e1 articular pol\u00edticas, intercambiar informaci\u00f3n y contenidos entre ambos pa\u00edses.<\/p>\n<p>Fuente: Telam S.E.<\/p>\n","protected":false},"excerpt":{"rendered":"<p>Las autoridades de los medios p\u00fablicos de Argentina y el titular de la Empresa Brasil de Comunicaci\u00f3n (EBC) suscribieron en la Casa Rosada un convenio de cooperaci\u00f3n que permitir\u00e1 articular pol\u00edticas, intercambiar informaci\u00f3n y contenidos entre ambos pa\u00edses. Fuente: Telam S.E.<\/p>\n","protected":false},"author":1,"featured_media":2219,"comment_status":"open","ping_status":"open","sticky":false,"template":"","format":"standard","meta":{"footnotes":""},"categories":[9,7,6],"tags":[],"class_list":["post-2218","post","type-post","status-publish","format-standard","has-post-thumbnail","hentry","category-ctv-noticias","category-noticias-internacionales","category-noticias-nacionales","gallery-content-unit"],"_links":{"self":[{"href":"https:\/\/www.corrientes.tv\/ctvnoticias\/index.php?rest_route=\/wp\/v2\/posts\/2218","targetHints":{"allow":["GET"]}}],"collection":[{"href":"https:\/\/www.corrientes.tv\/ctvnoticias\/index.php?rest_route=\/wp\/v2\/posts"}],"about":[{"href":"https:\/\/www.corrientes.tv\/ctvnoticias\/index.php?rest_route=\/wp\/v2\/types\/post"}],"author":[{"embeddable":true,"href":"https:\/\/www.corrientes.tv\/ctvnoticias\/index.php?rest_route=\/wp\/v2\/users\/1"}],"replies":[{"embeddable":true,"href":"https:\/\/www.corrientes.tv\/ctvnoticias\/index.php?rest_route=%2Fwp%2Fv2%2Fcomments&post=2218"}],"version-history":[{"count":1,"href":"https:\/\/www.corrientes.tv\/ctvnoticias\/index.php?rest_route=\/wp\/v2\/posts\/2218\/revisions"}],"predecessor-version":[{"id":2220,"href":"https:\/\/www.corrientes.tv\/ctvnoticias\/index.php?rest_route=\/wp\/v2\/posts\/2218\/revisions\/2220"}],"wp:featuredmedia":[{"embeddable":true,"href":"https:\/\/www.corrientes.tv\/ctvnoticias\/index.php?rest_route=\/wp\/v2\/media\/2219"}],"wp:attachment":[{"href":"https:\/\/www.corrientes.tv\/ctvnoticias\/index.php?rest_route=%2Fwp%2Fv2%2Fmedia&parent=2218"}],"wp:term":[{"taxonomy":"category","embeddable":true,"href":"https:\/\/www.corrientes.tv\/ctvnoticias\/index.php?rest_route=%2Fwp%2Fv2%2Fcategories&post=2218"},{"taxonomy":"post_tag","embeddable":true,"href":"https:\/\/www.corrientes.tv\/ctvnoticias\/index.php?rest_route=%2Fwp%2Fv2%2Ftags&post=2218"}],"curies":[{"name":"wp","href":"https:\/\/api.w.org\/{rel}","templated":true}]}}