{"id":2228,"date":"2023-08-03T18:35:54","date_gmt":"2023-08-03T21:35:54","guid":{"rendered":"https:\/\/www.corrientes.tv\/ctvnoticias\/?p=2228"},"modified":"2023-08-03T18:35:54","modified_gmt":"2023-08-03T21:35:54","slug":"facena-y-la-dpec-acuerdan-cooperacion-asistencia-y-vinculacion-tecnologica","status":"publish","type":"post","link":"https:\/\/www.corrientes.tv\/ctvnoticias\/?p=2228","title":{"rendered":"FaCENA y la DPEC acuerdan cooperaci\u00f3n, asistencia y vinculaci\u00f3n tecnol\u00f3gica"},"content":{"rendered":"<p>Este martes 1 de agosto, la decana de FaCENA, Viviana Godoy, firm\u00f3 un acuerdo con el interventor de la Direcci\u00f3n Provincial de Energ\u00eda, Alfredo Horacio A\u00fan, el acuerdo de cooperaci\u00f3n acad\u00e9mica consiste en asistencia t\u00e9cnico-profesional y de vinculaci\u00f3n tecnol\u00f3gica que permitir\u00e1 capacitar al personal t\u00e9cnico de la DPEC y estudiantes avanzados de las carreras afines que se dictan en la Facultad. As\u00ed tambi\u00e9n, permitir\u00e1 el desarrollo de trabajos conjuntos entre ambas instituciones.<\/p>\n<p>&nbsp;<\/p>\n","protected":false},"excerpt":{"rendered":"<p>Este martes 1 de agosto, la decana de FaCENA, Viviana Godoy, firm\u00f3 un acuerdo con el interventor de la Direcci\u00f3n Provincial de Energ\u00eda, Alfredo Horacio A\u00fan, el acuerdo de cooperaci\u00f3n acad\u00e9mica consiste en asistencia t\u00e9cnico-profesional y de vinculaci\u00f3n tecnol\u00f3gica que permitir\u00e1 capacitar al personal t\u00e9cnico de la DPEC y estudiantes avanzados de las carreras afines [&hellip;]<\/p>\n","protected":false},"author":1,"featured_media":2229,"comment_status":"open","ping_status":"open","sticky":false,"template":"","format":"standard","meta":{"footnotes":""},"categories":[9,4,5],"tags":[],"class_list":["post-2228","post","type-post","status-publish","format-standard","has-post-thumbnail","hentry","category-ctv-noticias","category-noticias-locales-de-corrientes","category-noticias-provinciales-de-corrientes","gallery-content-unit"],"_links":{"self":[{"href":"https:\/\/www.corrientes.tv\/ctvnoticias\/index.php?rest_route=\/wp\/v2\/posts\/2228","targetHints":{"allow":["GET"]}}],"collection":[{"href":"https:\/\/www.corrientes.tv\/ctvnoticias\/index.php?rest_route=\/wp\/v2\/posts"}],"about":[{"href":"https:\/\/www.corrientes.tv\/ctvnoticias\/index.php?rest_route=\/wp\/v2\/types\/post"}],"author":[{"embeddable":true,"href":"https:\/\/www.corrientes.tv\/ctvnoticias\/index.php?rest_route=\/wp\/v2\/users\/1"}],"replies":[{"embeddable":true,"href":"https:\/\/www.corrientes.tv\/ctvnoticias\/index.php?rest_route=%2Fwp%2Fv2%2Fcomments&post=2228"}],"version-history":[{"count":1,"href":"https:\/\/www.corrientes.tv\/ctvnoticias\/index.php?rest_route=\/wp\/v2\/posts\/2228\/revisions"}],"predecessor-version":[{"id":2230,"href":"https:\/\/www.corrientes.tv\/ctvnoticias\/index.php?rest_route=\/wp\/v2\/posts\/2228\/revisions\/2230"}],"wp:featuredmedia":[{"embeddable":true,"href":"https:\/\/www.corrientes.tv\/ctvnoticias\/index.php?rest_route=\/wp\/v2\/media\/2229"}],"wp:attachment":[{"href":"https:\/\/www.corrientes.tv\/ctvnoticias\/index.php?rest_route=%2Fwp%2Fv2%2Fmedia&parent=2228"}],"wp:term":[{"taxonomy":"category","embeddable":true,"href":"https:\/\/www.corrientes.tv\/ctvnoticias\/index.php?rest_route=%2Fwp%2Fv2%2Fcategories&post=2228"},{"taxonomy":"post_tag","embeddable":true,"href":"https:\/\/www.corrientes.tv\/ctvnoticias\/index.php?rest_route=%2Fwp%2Fv2%2Ftags&post=2228"}],"curies":[{"name":"wp","href":"https:\/\/api.w.org\/{rel}","templated":true}]}}