{"id":2231,"date":"2023-08-03T18:37:39","date_gmt":"2023-08-03T21:37:39","guid":{"rendered":"https:\/\/www.corrientes.tv\/ctvnoticias\/?p=2231"},"modified":"2023-08-03T18:37:39","modified_gmt":"2023-08-03T21:37:39","slug":"desde-el-ejecutivo-se-destaco-la-necesidad-de-robustecer-ley-de-datos-personales","status":"publish","type":"post","link":"https:\/\/www.corrientes.tv\/ctvnoticias\/?p=2231","title":{"rendered":"Desde el Ejecutivo se destac\u00f3 la necesidad de &#8216;robustecer&#8217; ley de datos personales"},"content":{"rendered":"<p>La directora de la Agencia de Acceso a la Informaci\u00f3n P\u00fablica (AAIP), Beatriz de Anchorena, sostuvo que los procesos de recuperaci\u00f3n de datos personales \u00abnecesitan una reforma porque la revoluci\u00f3n tecnol\u00f3gica es exponencial\u00bb y precis\u00f3 que la norma propone un cambio de paradigma, ya que \u00abse pasa de garantizar el derecho de las personas a la protecci\u00f3n de sus datos personales\u00bb.<\/p>\n<p>Fuente: Telam S.E.<\/p>\n","protected":false},"excerpt":{"rendered":"<p>La directora de la Agencia de Acceso a la Informaci\u00f3n P\u00fablica (AAIP), Beatriz de Anchorena, sostuvo que los procesos de recuperaci\u00f3n de datos personales \u00abnecesitan una reforma porque la revoluci\u00f3n tecnol\u00f3gica es exponencial\u00bb y precis\u00f3 que la norma propone un cambio de paradigma, ya que \u00abse pasa de garantizar el derecho de las personas a [&hellip;]<\/p>\n","protected":false},"author":1,"featured_media":2232,"comment_status":"open","ping_status":"open","sticky":false,"template":"","format":"standard","meta":{"footnotes":""},"categories":[9,6],"tags":[],"class_list":["post-2231","post","type-post","status-publish","format-standard","has-post-thumbnail","hentry","category-ctv-noticias","category-noticias-nacionales","gallery-content-unit"],"_links":{"self":[{"href":"https:\/\/www.corrientes.tv\/ctvnoticias\/index.php?rest_route=\/wp\/v2\/posts\/2231","targetHints":{"allow":["GET"]}}],"collection":[{"href":"https:\/\/www.corrientes.tv\/ctvnoticias\/index.php?rest_route=\/wp\/v2\/posts"}],"about":[{"href":"https:\/\/www.corrientes.tv\/ctvnoticias\/index.php?rest_route=\/wp\/v2\/types\/post"}],"author":[{"embeddable":true,"href":"https:\/\/www.corrientes.tv\/ctvnoticias\/index.php?rest_route=\/wp\/v2\/users\/1"}],"replies":[{"embeddable":true,"href":"https:\/\/www.corrientes.tv\/ctvnoticias\/index.php?rest_route=%2Fwp%2Fv2%2Fcomments&post=2231"}],"version-history":[{"count":1,"href":"https:\/\/www.corrientes.tv\/ctvnoticias\/index.php?rest_route=\/wp\/v2\/posts\/2231\/revisions"}],"predecessor-version":[{"id":2233,"href":"https:\/\/www.corrientes.tv\/ctvnoticias\/index.php?rest_route=\/wp\/v2\/posts\/2231\/revisions\/2233"}],"wp:featuredmedia":[{"embeddable":true,"href":"https:\/\/www.corrientes.tv\/ctvnoticias\/index.php?rest_route=\/wp\/v2\/media\/2232"}],"wp:attachment":[{"href":"https:\/\/www.corrientes.tv\/ctvnoticias\/index.php?rest_route=%2Fwp%2Fv2%2Fmedia&parent=2231"}],"wp:term":[{"taxonomy":"category","embeddable":true,"href":"https:\/\/www.corrientes.tv\/ctvnoticias\/index.php?rest_route=%2Fwp%2Fv2%2Fcategories&post=2231"},{"taxonomy":"post_tag","embeddable":true,"href":"https:\/\/www.corrientes.tv\/ctvnoticias\/index.php?rest_route=%2Fwp%2Fv2%2Ftags&post=2231"}],"curies":[{"name":"wp","href":"https:\/\/api.w.org\/{rel}","templated":true}]}}