{"id":2234,"date":"2023-08-07T19:38:51","date_gmt":"2023-08-07T22:38:51","guid":{"rendered":"https:\/\/www.corrientes.tv\/ctvnoticias\/?p=2234"},"modified":"2023-08-07T19:38:51","modified_gmt":"2023-08-07T22:38:51","slug":"la-conae-amplio-sus-acuerdos-de-cooperacion-con-la-nasa","status":"publish","type":"post","link":"https:\/\/www.corrientes.tv\/ctvnoticias\/?p=2234","title":{"rendered":"La CONAE ampli\u00f3 sus acuerdos de cooperaci\u00f3n con la NASA"},"content":{"rendered":"<p>La Comisi\u00f3n Nacional de Actividades Espaciales (CONAE) ampli\u00f3 sus acuerdos de cooperaci\u00f3n con la Administraci\u00f3n Nacional de Aeron\u00e1utica y Espacio de los Estados Unidos (NASA). En esta oportunidad, Argentina se sum\u00f3 a la veintena de pa\u00edses involucrados en el Programa Artemis, que tiene como objetivo ejecutar la pr\u00f3xima misi\u00f3n tripulada a la Luna y la primera a Marte.<\/p>\n<p>Fuente: Telam S.E.<\/p>\n","protected":false},"excerpt":{"rendered":"<p>La Comisi\u00f3n Nacional de Actividades Espaciales (CONAE) ampli\u00f3 sus acuerdos de cooperaci\u00f3n con la Administraci\u00f3n Nacional de Aeron\u00e1utica y Espacio de los Estados Unidos (NASA). En esta oportunidad, Argentina se sum\u00f3 a la veintena de pa\u00edses involucrados en el Programa Artemis, que tiene como objetivo ejecutar la pr\u00f3xima misi\u00f3n tripulada a la Luna y la [&hellip;]<\/p>\n","protected":false},"author":1,"featured_media":2235,"comment_status":"open","ping_status":"open","sticky":false,"template":"","format":"standard","meta":{"footnotes":""},"categories":[9,7,6],"tags":[],"class_list":["post-2234","post","type-post","status-publish","format-standard","has-post-thumbnail","hentry","category-ctv-noticias","category-noticias-internacionales","category-noticias-nacionales","gallery-content-unit"],"_links":{"self":[{"href":"https:\/\/www.corrientes.tv\/ctvnoticias\/index.php?rest_route=\/wp\/v2\/posts\/2234","targetHints":{"allow":["GET"]}}],"collection":[{"href":"https:\/\/www.corrientes.tv\/ctvnoticias\/index.php?rest_route=\/wp\/v2\/posts"}],"about":[{"href":"https:\/\/www.corrientes.tv\/ctvnoticias\/index.php?rest_route=\/wp\/v2\/types\/post"}],"author":[{"embeddable":true,"href":"https:\/\/www.corrientes.tv\/ctvnoticias\/index.php?rest_route=\/wp\/v2\/users\/1"}],"replies":[{"embeddable":true,"href":"https:\/\/www.corrientes.tv\/ctvnoticias\/index.php?rest_route=%2Fwp%2Fv2%2Fcomments&post=2234"}],"version-history":[{"count":1,"href":"https:\/\/www.corrientes.tv\/ctvnoticias\/index.php?rest_route=\/wp\/v2\/posts\/2234\/revisions"}],"predecessor-version":[{"id":2236,"href":"https:\/\/www.corrientes.tv\/ctvnoticias\/index.php?rest_route=\/wp\/v2\/posts\/2234\/revisions\/2236"}],"wp:featuredmedia":[{"embeddable":true,"href":"https:\/\/www.corrientes.tv\/ctvnoticias\/index.php?rest_route=\/wp\/v2\/media\/2235"}],"wp:attachment":[{"href":"https:\/\/www.corrientes.tv\/ctvnoticias\/index.php?rest_route=%2Fwp%2Fv2%2Fmedia&parent=2234"}],"wp:term":[{"taxonomy":"category","embeddable":true,"href":"https:\/\/www.corrientes.tv\/ctvnoticias\/index.php?rest_route=%2Fwp%2Fv2%2Fcategories&post=2234"},{"taxonomy":"post_tag","embeddable":true,"href":"https:\/\/www.corrientes.tv\/ctvnoticias\/index.php?rest_route=%2Fwp%2Fv2%2Ftags&post=2234"}],"curies":[{"name":"wp","href":"https:\/\/api.w.org\/{rel}","templated":true}]}}