{"id":2237,"date":"2023-08-07T19:41:01","date_gmt":"2023-08-07T22:41:01","guid":{"rendered":"https:\/\/www.corrientes.tv\/ctvnoticias\/?p=2237"},"modified":"2023-08-07T19:41:01","modified_gmt":"2023-08-07T22:41:01","slug":"ypf-recibio-prestamo-de-us-375-millones-para-financiar-las-transicion-energetica","status":"publish","type":"post","link":"https:\/\/www.corrientes.tv\/ctvnoticias\/?p=2237","title":{"rendered":"YPF recibi\u00f3 pr\u00e9stamo de US$ 375 millones para financiar las transici\u00f3n energ\u00e9tica"},"content":{"rendered":"<p>La CAF, el banco de desarrollo de Am\u00e9rica Latina y el Caribe, anunci\u00f3 un nuevo pr\u00e9stamo de US$ 375 millones a YPF con el fin de financiar la transici\u00f3n energ\u00e9tica de la petrolera nacional, Los fondos ser\u00e1n destinados a mejoras en los complejos industriales de las localidades de La Plata (Buenos Aires) y Luj\u00e1n de Cuyo (Mendoza), que permitir\u00e1n aumentar la producci\u00f3n de combustible (tanto naftas como gasoil) con ultra bajo contenido de azufre.<\/p>\n<p>Fuente: Telam S.E.<\/p>\n","protected":false},"excerpt":{"rendered":"<p>La CAF, el banco de desarrollo de Am\u00e9rica Latina y el Caribe, anunci\u00f3 un nuevo pr\u00e9stamo de US$ 375 millones a YPF con el fin de financiar la transici\u00f3n energ\u00e9tica de la petrolera nacional, Los fondos ser\u00e1n destinados a mejoras en los complejos industriales de las localidades de La Plata (Buenos Aires) y Luj\u00e1n de [&hellip;]<\/p>\n","protected":false},"author":1,"featured_media":2238,"comment_status":"open","ping_status":"open","sticky":false,"template":"","format":"standard","meta":{"footnotes":""},"categories":[9,7,6],"tags":[],"class_list":["post-2237","post","type-post","status-publish","format-standard","has-post-thumbnail","hentry","category-ctv-noticias","category-noticias-internacionales","category-noticias-nacionales","gallery-content-unit"],"_links":{"self":[{"href":"https:\/\/www.corrientes.tv\/ctvnoticias\/index.php?rest_route=\/wp\/v2\/posts\/2237","targetHints":{"allow":["GET"]}}],"collection":[{"href":"https:\/\/www.corrientes.tv\/ctvnoticias\/index.php?rest_route=\/wp\/v2\/posts"}],"about":[{"href":"https:\/\/www.corrientes.tv\/ctvnoticias\/index.php?rest_route=\/wp\/v2\/types\/post"}],"author":[{"embeddable":true,"href":"https:\/\/www.corrientes.tv\/ctvnoticias\/index.php?rest_route=\/wp\/v2\/users\/1"}],"replies":[{"embeddable":true,"href":"https:\/\/www.corrientes.tv\/ctvnoticias\/index.php?rest_route=%2Fwp%2Fv2%2Fcomments&post=2237"}],"version-history":[{"count":1,"href":"https:\/\/www.corrientes.tv\/ctvnoticias\/index.php?rest_route=\/wp\/v2\/posts\/2237\/revisions"}],"predecessor-version":[{"id":2239,"href":"https:\/\/www.corrientes.tv\/ctvnoticias\/index.php?rest_route=\/wp\/v2\/posts\/2237\/revisions\/2239"}],"wp:featuredmedia":[{"embeddable":true,"href":"https:\/\/www.corrientes.tv\/ctvnoticias\/index.php?rest_route=\/wp\/v2\/media\/2238"}],"wp:attachment":[{"href":"https:\/\/www.corrientes.tv\/ctvnoticias\/index.php?rest_route=%2Fwp%2Fv2%2Fmedia&parent=2237"}],"wp:term":[{"taxonomy":"category","embeddable":true,"href":"https:\/\/www.corrientes.tv\/ctvnoticias\/index.php?rest_route=%2Fwp%2Fv2%2Fcategories&post=2237"},{"taxonomy":"post_tag","embeddable":true,"href":"https:\/\/www.corrientes.tv\/ctvnoticias\/index.php?rest_route=%2Fwp%2Fv2%2Ftags&post=2237"}],"curies":[{"name":"wp","href":"https:\/\/api.w.org\/{rel}","templated":true}]}}