{"id":2244,"date":"2023-08-15T09:06:28","date_gmt":"2023-08-15T12:06:28","guid":{"rendered":"https:\/\/www.corrientes.tv\/ctvnoticias\/?p=2244"},"modified":"2023-08-15T09:06:28","modified_gmt":"2023-08-15T12:06:28","slug":"llegaron-a-la-central-ana-cua-510-toneladas-de-componentes-electromecanicos","status":"publish","type":"post","link":"https:\/\/www.corrientes.tv\/ctvnoticias\/?p=2244","title":{"rendered":"Llegaron a la central A\u00f1a Cu\u00e1 510 toneladas de componentes electromec\u00e1nicos"},"content":{"rendered":"<p>La futura central hidroel\u00e9ctrica de A\u00f1a Cu\u00e1&#8217; recibi\u00f3 510 toneladas de componentes electromec\u00e1nicos proporcionados por compa\u00f1\u00edas internacionales para diversas etapas de la obra iniciada en 2020 en la Entidad Binacional Yacyret\u00e1, lo que permitir\u00e1 aprovechar el caudal ecol\u00f3gico de 1.500 metros c\u00fabicos por segundo que actualmente pasan por los vertederos, la nueva central hidroel\u00e9ctrica contar\u00e1 con tres turbinas tipo Kaplan de 90 Megavatios cada una y una capacidad instalada de 270 Megavatios.<\/p>\n<p>Fuente: Telam S.E.<\/p>\n","protected":false},"excerpt":{"rendered":"<p>La futura central hidroel\u00e9ctrica de A\u00f1a Cu\u00e1&#8217; recibi\u00f3 510 toneladas de componentes electromec\u00e1nicos proporcionados por compa\u00f1\u00edas internacionales para diversas etapas de la obra iniciada en 2020 en la Entidad Binacional Yacyret\u00e1, lo que permitir\u00e1 aprovechar el caudal ecol\u00f3gico de 1.500 metros c\u00fabicos por segundo que actualmente pasan por los vertederos, la nueva central hidroel\u00e9ctrica contar\u00e1 [&hellip;]<\/p>\n","protected":false},"author":1,"featured_media":2245,"comment_status":"open","ping_status":"open","sticky":false,"template":"","format":"standard","meta":{"footnotes":""},"categories":[9,7,6,5],"tags":[],"class_list":["post-2244","post","type-post","status-publish","format-standard","has-post-thumbnail","hentry","category-ctv-noticias","category-noticias-internacionales","category-noticias-nacionales","category-noticias-provinciales-de-corrientes","gallery-content-unit"],"_links":{"self":[{"href":"https:\/\/www.corrientes.tv\/ctvnoticias\/index.php?rest_route=\/wp\/v2\/posts\/2244","targetHints":{"allow":["GET"]}}],"collection":[{"href":"https:\/\/www.corrientes.tv\/ctvnoticias\/index.php?rest_route=\/wp\/v2\/posts"}],"about":[{"href":"https:\/\/www.corrientes.tv\/ctvnoticias\/index.php?rest_route=\/wp\/v2\/types\/post"}],"author":[{"embeddable":true,"href":"https:\/\/www.corrientes.tv\/ctvnoticias\/index.php?rest_route=\/wp\/v2\/users\/1"}],"replies":[{"embeddable":true,"href":"https:\/\/www.corrientes.tv\/ctvnoticias\/index.php?rest_route=%2Fwp%2Fv2%2Fcomments&post=2244"}],"version-history":[{"count":1,"href":"https:\/\/www.corrientes.tv\/ctvnoticias\/index.php?rest_route=\/wp\/v2\/posts\/2244\/revisions"}],"predecessor-version":[{"id":2246,"href":"https:\/\/www.corrientes.tv\/ctvnoticias\/index.php?rest_route=\/wp\/v2\/posts\/2244\/revisions\/2246"}],"wp:featuredmedia":[{"embeddable":true,"href":"https:\/\/www.corrientes.tv\/ctvnoticias\/index.php?rest_route=\/wp\/v2\/media\/2245"}],"wp:attachment":[{"href":"https:\/\/www.corrientes.tv\/ctvnoticias\/index.php?rest_route=%2Fwp%2Fv2%2Fmedia&parent=2244"}],"wp:term":[{"taxonomy":"category","embeddable":true,"href":"https:\/\/www.corrientes.tv\/ctvnoticias\/index.php?rest_route=%2Fwp%2Fv2%2Fcategories&post=2244"},{"taxonomy":"post_tag","embeddable":true,"href":"https:\/\/www.corrientes.tv\/ctvnoticias\/index.php?rest_route=%2Fwp%2Fv2%2Ftags&post=2244"}],"curies":[{"name":"wp","href":"https:\/\/api.w.org\/{rel}","templated":true}]}}