{"id":2247,"date":"2023-08-15T09:08:15","date_gmt":"2023-08-15T12:08:15","guid":{"rendered":"https:\/\/www.corrientes.tv\/ctvnoticias\/?p=2247"},"modified":"2023-08-15T09:08:15","modified_gmt":"2023-08-15T12:08:15","slug":"acuerdo-de-cooperacion-entre-facena-y-el-ministerio-de-hacienda-de-corrientes","status":"publish","type":"post","link":"https:\/\/www.corrientes.tv\/ctvnoticias\/?p=2247","title":{"rendered":"Acuerdo de cooperaci\u00f3n entre FaCENA y el Ministerio de Hacienda de Corrientes"},"content":{"rendered":"<p>Este viernes 11 de julio, en el Sal\u00f3n de Acuerdos del Ministerio de Hacienda y Finanzas de Corrientes, la decana de FaCENA, Mar\u00eda Viviana Godoy Guglielmone, suscribi\u00f3 un convenio con el ministro de la cartera econ\u00f3mica, Marcelo Rivas Piasentini, se trata de un acuerdo de trabajo espec\u00edfico con impacto positivo en la prestaci\u00f3n de servicios por parte del Registro de la Propiedad Inmueble (RPI) dependiente del Ministerio de Hacienda y Finanzas de Corrientes.<\/p>\n<p>Fuente: Telam S.E.<\/p>\n","protected":false},"excerpt":{"rendered":"<p>Este viernes 11 de julio, en el Sal\u00f3n de Acuerdos del Ministerio de Hacienda y Finanzas de Corrientes, la decana de FaCENA, Mar\u00eda Viviana Godoy Guglielmone, suscribi\u00f3 un convenio con el ministro de la cartera econ\u00f3mica, Marcelo Rivas Piasentini, se trata de un acuerdo de trabajo espec\u00edfico con impacto positivo en la prestaci\u00f3n de servicios [&hellip;]<\/p>\n","protected":false},"author":1,"featured_media":2248,"comment_status":"open","ping_status":"open","sticky":false,"template":"","format":"standard","meta":{"footnotes":""},"categories":[9,4,5],"tags":[],"class_list":["post-2247","post","type-post","status-publish","format-standard","has-post-thumbnail","hentry","category-ctv-noticias","category-noticias-locales-de-corrientes","category-noticias-provinciales-de-corrientes","gallery-content-unit"],"_links":{"self":[{"href":"https:\/\/www.corrientes.tv\/ctvnoticias\/index.php?rest_route=\/wp\/v2\/posts\/2247","targetHints":{"allow":["GET"]}}],"collection":[{"href":"https:\/\/www.corrientes.tv\/ctvnoticias\/index.php?rest_route=\/wp\/v2\/posts"}],"about":[{"href":"https:\/\/www.corrientes.tv\/ctvnoticias\/index.php?rest_route=\/wp\/v2\/types\/post"}],"author":[{"embeddable":true,"href":"https:\/\/www.corrientes.tv\/ctvnoticias\/index.php?rest_route=\/wp\/v2\/users\/1"}],"replies":[{"embeddable":true,"href":"https:\/\/www.corrientes.tv\/ctvnoticias\/index.php?rest_route=%2Fwp%2Fv2%2Fcomments&post=2247"}],"version-history":[{"count":1,"href":"https:\/\/www.corrientes.tv\/ctvnoticias\/index.php?rest_route=\/wp\/v2\/posts\/2247\/revisions"}],"predecessor-version":[{"id":2249,"href":"https:\/\/www.corrientes.tv\/ctvnoticias\/index.php?rest_route=\/wp\/v2\/posts\/2247\/revisions\/2249"}],"wp:featuredmedia":[{"embeddable":true,"href":"https:\/\/www.corrientes.tv\/ctvnoticias\/index.php?rest_route=\/wp\/v2\/media\/2248"}],"wp:attachment":[{"href":"https:\/\/www.corrientes.tv\/ctvnoticias\/index.php?rest_route=%2Fwp%2Fv2%2Fmedia&parent=2247"}],"wp:term":[{"taxonomy":"category","embeddable":true,"href":"https:\/\/www.corrientes.tv\/ctvnoticias\/index.php?rest_route=%2Fwp%2Fv2%2Fcategories&post=2247"},{"taxonomy":"post_tag","embeddable":true,"href":"https:\/\/www.corrientes.tv\/ctvnoticias\/index.php?rest_route=%2Fwp%2Fv2%2Ftags&post=2247"}],"curies":[{"name":"wp","href":"https:\/\/api.w.org\/{rel}","templated":true}]}}