{"id":2250,"date":"2023-08-16T11:40:03","date_gmt":"2023-08-16T14:40:03","guid":{"rendered":"https:\/\/www.corrientes.tv\/ctvnoticias\/?p=2250"},"modified":"2023-08-16T11:40:03","modified_gmt":"2023-08-16T14:40:03","slug":"en-corrientes-la-afip-incauto-60-toneladas-de-soja-valuada-en-mas-de-6-millones-de-pesos","status":"publish","type":"post","link":"https:\/\/www.corrientes.tv\/ctvnoticias\/?p=2250","title":{"rendered":"En Corrientes, la AFIP incaut\u00f3 60 toneladas de soja valuada en m\u00e1s de 6 millones de pesos."},"content":{"rendered":"<p>La Administraci\u00f3n Federal de Ingresos P\u00fablicos (AFIP) incaut\u00f3 60 toneladas de soja a granel valuadas en aproximadamente 6.168.000 pesos, durante controles de ruta realizados en localidades de Corrientes, inform\u00f3 el organismo tributario a trav\u00e9s de un comunicado.<br \/>\nLos operativos, realizados por inspectores de la Direcci\u00f3n General Impositiva (DGI) con la colaboraci\u00f3n de las fuerzas de seguridad provinciales, fueron desarrollados en las localidades correntinas de San Vicente y Santo Tom\u00e9.<\/p>\n<p>Fuente: Telam S.E.<\/p>\n","protected":false},"excerpt":{"rendered":"<p>La Administraci\u00f3n Federal de Ingresos P\u00fablicos (AFIP) incaut\u00f3 60 toneladas de soja a granel valuadas en aproximadamente 6.168.000 pesos, durante controles de ruta realizados en localidades de Corrientes, inform\u00f3 el organismo tributario a trav\u00e9s de un comunicado. Los operativos, realizados por inspectores de la Direcci\u00f3n General Impositiva (DGI) con la colaboraci\u00f3n de las fuerzas de [&hellip;]<\/p>\n","protected":false},"author":1,"featured_media":2251,"comment_status":"open","ping_status":"open","sticky":false,"template":"","format":"standard","meta":{"footnotes":""},"categories":[9,4,6,5],"tags":[],"class_list":["post-2250","post","type-post","status-publish","format-standard","has-post-thumbnail","hentry","category-ctv-noticias","category-noticias-locales-de-corrientes","category-noticias-nacionales","category-noticias-provinciales-de-corrientes","gallery-content-unit"],"_links":{"self":[{"href":"https:\/\/www.corrientes.tv\/ctvnoticias\/index.php?rest_route=\/wp\/v2\/posts\/2250","targetHints":{"allow":["GET"]}}],"collection":[{"href":"https:\/\/www.corrientes.tv\/ctvnoticias\/index.php?rest_route=\/wp\/v2\/posts"}],"about":[{"href":"https:\/\/www.corrientes.tv\/ctvnoticias\/index.php?rest_route=\/wp\/v2\/types\/post"}],"author":[{"embeddable":true,"href":"https:\/\/www.corrientes.tv\/ctvnoticias\/index.php?rest_route=\/wp\/v2\/users\/1"}],"replies":[{"embeddable":true,"href":"https:\/\/www.corrientes.tv\/ctvnoticias\/index.php?rest_route=%2Fwp%2Fv2%2Fcomments&post=2250"}],"version-history":[{"count":1,"href":"https:\/\/www.corrientes.tv\/ctvnoticias\/index.php?rest_route=\/wp\/v2\/posts\/2250\/revisions"}],"predecessor-version":[{"id":2252,"href":"https:\/\/www.corrientes.tv\/ctvnoticias\/index.php?rest_route=\/wp\/v2\/posts\/2250\/revisions\/2252"}],"wp:featuredmedia":[{"embeddable":true,"href":"https:\/\/www.corrientes.tv\/ctvnoticias\/index.php?rest_route=\/wp\/v2\/media\/2251"}],"wp:attachment":[{"href":"https:\/\/www.corrientes.tv\/ctvnoticias\/index.php?rest_route=%2Fwp%2Fv2%2Fmedia&parent=2250"}],"wp:term":[{"taxonomy":"category","embeddable":true,"href":"https:\/\/www.corrientes.tv\/ctvnoticias\/index.php?rest_route=%2Fwp%2Fv2%2Fcategories&post=2250"},{"taxonomy":"post_tag","embeddable":true,"href":"https:\/\/www.corrientes.tv\/ctvnoticias\/index.php?rest_route=%2Fwp%2Fv2%2Ftags&post=2250"}],"curies":[{"name":"wp","href":"https:\/\/api.w.org\/{rel}","templated":true}]}}