{"id":2253,"date":"2023-08-16T11:46:09","date_gmt":"2023-08-16T14:46:09","guid":{"rendered":"https:\/\/www.corrientes.tv\/ctvnoticias\/?p=2253"},"modified":"2023-08-16T11:46:09","modified_gmt":"2023-08-16T14:46:09","slug":"taiana-el-estado-esta-para-defender-nuestra-soberania","status":"publish","type":"post","link":"https:\/\/www.corrientes.tv\/ctvnoticias\/?p=2253","title":{"rendered":"Taiana: El Estado est\u00e1 para &#8216;defender nuestra soberan\u00eda&#8217;"},"content":{"rendered":"<p>El ministro de Defensa, Jorge Taiana, encabez\u00f3 el acto de inauguraci\u00f3n del radar t\u00e1ctico 3D modernizado por la empresa INVAP en la ciudad de Trelew, y asegur\u00f3 que servir\u00e1 para \u00abtener una mayor cobertura del Atl\u00e1ntico\u00bb y demuestra que \u00abtiene que haber Estado para defender nuestra soberan\u00eda y libertad\u00bb.<\/p>\n<p>Fuente: Telam S.E.<\/p>\n","protected":false},"excerpt":{"rendered":"<p>El ministro de Defensa, Jorge Taiana, encabez\u00f3 el acto de inauguraci\u00f3n del radar t\u00e1ctico 3D modernizado por la empresa INVAP en la ciudad de Trelew, y asegur\u00f3 que servir\u00e1 para \u00abtener una mayor cobertura del Atl\u00e1ntico\u00bb y demuestra que \u00abtiene que haber Estado para defender nuestra soberan\u00eda y libertad\u00bb. Fuente: Telam S.E.<\/p>\n","protected":false},"author":1,"featured_media":2254,"comment_status":"open","ping_status":"open","sticky":false,"template":"","format":"standard","meta":{"footnotes":""},"categories":[9,6],"tags":[],"class_list":["post-2253","post","type-post","status-publish","format-standard","has-post-thumbnail","hentry","category-ctv-noticias","category-noticias-nacionales","gallery-content-unit"],"_links":{"self":[{"href":"https:\/\/www.corrientes.tv\/ctvnoticias\/index.php?rest_route=\/wp\/v2\/posts\/2253","targetHints":{"allow":["GET"]}}],"collection":[{"href":"https:\/\/www.corrientes.tv\/ctvnoticias\/index.php?rest_route=\/wp\/v2\/posts"}],"about":[{"href":"https:\/\/www.corrientes.tv\/ctvnoticias\/index.php?rest_route=\/wp\/v2\/types\/post"}],"author":[{"embeddable":true,"href":"https:\/\/www.corrientes.tv\/ctvnoticias\/index.php?rest_route=\/wp\/v2\/users\/1"}],"replies":[{"embeddable":true,"href":"https:\/\/www.corrientes.tv\/ctvnoticias\/index.php?rest_route=%2Fwp%2Fv2%2Fcomments&post=2253"}],"version-history":[{"count":1,"href":"https:\/\/www.corrientes.tv\/ctvnoticias\/index.php?rest_route=\/wp\/v2\/posts\/2253\/revisions"}],"predecessor-version":[{"id":2255,"href":"https:\/\/www.corrientes.tv\/ctvnoticias\/index.php?rest_route=\/wp\/v2\/posts\/2253\/revisions\/2255"}],"wp:featuredmedia":[{"embeddable":true,"href":"https:\/\/www.corrientes.tv\/ctvnoticias\/index.php?rest_route=\/wp\/v2\/media\/2254"}],"wp:attachment":[{"href":"https:\/\/www.corrientes.tv\/ctvnoticias\/index.php?rest_route=%2Fwp%2Fv2%2Fmedia&parent=2253"}],"wp:term":[{"taxonomy":"category","embeddable":true,"href":"https:\/\/www.corrientes.tv\/ctvnoticias\/index.php?rest_route=%2Fwp%2Fv2%2Fcategories&post=2253"},{"taxonomy":"post_tag","embeddable":true,"href":"https:\/\/www.corrientes.tv\/ctvnoticias\/index.php?rest_route=%2Fwp%2Fv2%2Ftags&post=2253"}],"curies":[{"name":"wp","href":"https:\/\/api.w.org\/{rel}","templated":true}]}}