{"id":2256,"date":"2023-08-17T07:44:20","date_gmt":"2023-08-17T10:44:20","guid":{"rendered":"https:\/\/www.corrientes.tv\/ctvnoticias\/?p=2256"},"modified":"2023-08-17T07:44:20","modified_gmt":"2023-08-17T10:44:20","slug":"conicet-rechaza-fuertemente-la-propuesta-de-javier-milei","status":"publish","type":"post","link":"https:\/\/www.corrientes.tv\/ctvnoticias\/?p=2256","title":{"rendered":"CONICET rechaza fuertemente la propuesta de Javier Milei"},"content":{"rendered":"<p>Funcionarios y especialistas del CONICET, expresaron su rechazo a la propuesta hecha p\u00fablica por el candidato presidencial de La Libertad Avanza, Javier Milei, de privatizar el Conicet y eliminar el Ministerio de Ciencia, Tecnolog\u00eda e Innovaci\u00f3n, Milei se impuso con el 30.02% de lo votos en las Primarias, Abiertas, Simult\u00e1neas y Obligatorias (PASO) del pasado domingo 13 de agosto.<\/p>\n<p>Fuente: Telam S.E.<\/p>\n","protected":false},"excerpt":{"rendered":"<p>Funcionarios y especialistas del CONICET, expresaron su rechazo a la propuesta hecha p\u00fablica por el candidato presidencial de La Libertad Avanza, Javier Milei, de privatizar el Conicet y eliminar el Ministerio de Ciencia, Tecnolog\u00eda e Innovaci\u00f3n, Milei se impuso con el 30.02% de lo votos en las Primarias, Abiertas, Simult\u00e1neas y Obligatorias (PASO) del pasado [&hellip;]<\/p>\n","protected":false},"author":1,"featured_media":2257,"comment_status":"open","ping_status":"open","sticky":false,"template":"","format":"standard","meta":{"footnotes":""},"categories":[9,6],"tags":[],"class_list":["post-2256","post","type-post","status-publish","format-standard","has-post-thumbnail","hentry","category-ctv-noticias","category-noticias-nacionales","gallery-content-unit"],"_links":{"self":[{"href":"https:\/\/www.corrientes.tv\/ctvnoticias\/index.php?rest_route=\/wp\/v2\/posts\/2256","targetHints":{"allow":["GET"]}}],"collection":[{"href":"https:\/\/www.corrientes.tv\/ctvnoticias\/index.php?rest_route=\/wp\/v2\/posts"}],"about":[{"href":"https:\/\/www.corrientes.tv\/ctvnoticias\/index.php?rest_route=\/wp\/v2\/types\/post"}],"author":[{"embeddable":true,"href":"https:\/\/www.corrientes.tv\/ctvnoticias\/index.php?rest_route=\/wp\/v2\/users\/1"}],"replies":[{"embeddable":true,"href":"https:\/\/www.corrientes.tv\/ctvnoticias\/index.php?rest_route=%2Fwp%2Fv2%2Fcomments&post=2256"}],"version-history":[{"count":1,"href":"https:\/\/www.corrientes.tv\/ctvnoticias\/index.php?rest_route=\/wp\/v2\/posts\/2256\/revisions"}],"predecessor-version":[{"id":2258,"href":"https:\/\/www.corrientes.tv\/ctvnoticias\/index.php?rest_route=\/wp\/v2\/posts\/2256\/revisions\/2258"}],"wp:featuredmedia":[{"embeddable":true,"href":"https:\/\/www.corrientes.tv\/ctvnoticias\/index.php?rest_route=\/wp\/v2\/media\/2257"}],"wp:attachment":[{"href":"https:\/\/www.corrientes.tv\/ctvnoticias\/index.php?rest_route=%2Fwp%2Fv2%2Fmedia&parent=2256"}],"wp:term":[{"taxonomy":"category","embeddable":true,"href":"https:\/\/www.corrientes.tv\/ctvnoticias\/index.php?rest_route=%2Fwp%2Fv2%2Fcategories&post=2256"},{"taxonomy":"post_tag","embeddable":true,"href":"https:\/\/www.corrientes.tv\/ctvnoticias\/index.php?rest_route=%2Fwp%2Fv2%2Ftags&post=2256"}],"curies":[{"name":"wp","href":"https:\/\/api.w.org\/{rel}","templated":true}]}}