{"id":2259,"date":"2023-08-17T07:46:05","date_gmt":"2023-08-17T10:46:05","guid":{"rendered":"https:\/\/www.corrientes.tv\/ctvnoticias\/?p=2259"},"modified":"2023-08-17T07:47:06","modified_gmt":"2023-08-17T10:47:06","slug":"detectaron-cuatro-nuevos-cachorros-de-yaguarete-en-los-esteros-del-ibera","status":"publish","type":"post","link":"https:\/\/www.corrientes.tv\/ctvnoticias\/?p=2259","title":{"rendered":"Esteros del Iber\u00e1: Detectaron cuatro nuevos cachorros de yaguaret\u00e9"},"content":{"rendered":"<p>La Fundaci\u00f3n Rewilding Argentina dio a conocer este mi\u00e9rcoles el avistaje de nuevos ejemplares de yaguaret\u00e9 en los Esteros del Iber\u00e1, con lo cual suman 16 los felinos libres en la regi\u00f3n de Corrientes y de esta manera, la provincia se convirti\u00f3 en el distrito de mayor poblaci\u00f3n de estos animales.<\/p>\n<p>&nbsp;<\/p>\n","protected":false},"excerpt":{"rendered":"<p>La Fundaci\u00f3n Rewilding Argentina dio a conocer este mi\u00e9rcoles el avistaje de nuevos ejemplares de yaguaret\u00e9 en los Esteros del Iber\u00e1, con lo cual suman 16 los felinos libres en la regi\u00f3n de Corrientes y de esta manera, la provincia se convirti\u00f3 en el distrito de mayor poblaci\u00f3n de estos animales. &nbsp;<\/p>\n","protected":false},"author":1,"featured_media":2260,"comment_status":"open","ping_status":"open","sticky":false,"template":"","format":"standard","meta":{"footnotes":""},"categories":[9,6,5],"tags":[],"class_list":["post-2259","post","type-post","status-publish","format-standard","has-post-thumbnail","hentry","category-ctv-noticias","category-noticias-nacionales","category-noticias-provinciales-de-corrientes","gallery-content-unit"],"_links":{"self":[{"href":"https:\/\/www.corrientes.tv\/ctvnoticias\/index.php?rest_route=\/wp\/v2\/posts\/2259","targetHints":{"allow":["GET"]}}],"collection":[{"href":"https:\/\/www.corrientes.tv\/ctvnoticias\/index.php?rest_route=\/wp\/v2\/posts"}],"about":[{"href":"https:\/\/www.corrientes.tv\/ctvnoticias\/index.php?rest_route=\/wp\/v2\/types\/post"}],"author":[{"embeddable":true,"href":"https:\/\/www.corrientes.tv\/ctvnoticias\/index.php?rest_route=\/wp\/v2\/users\/1"}],"replies":[{"embeddable":true,"href":"https:\/\/www.corrientes.tv\/ctvnoticias\/index.php?rest_route=%2Fwp%2Fv2%2Fcomments&post=2259"}],"version-history":[{"count":2,"href":"https:\/\/www.corrientes.tv\/ctvnoticias\/index.php?rest_route=\/wp\/v2\/posts\/2259\/revisions"}],"predecessor-version":[{"id":2262,"href":"https:\/\/www.corrientes.tv\/ctvnoticias\/index.php?rest_route=\/wp\/v2\/posts\/2259\/revisions\/2262"}],"wp:featuredmedia":[{"embeddable":true,"href":"https:\/\/www.corrientes.tv\/ctvnoticias\/index.php?rest_route=\/wp\/v2\/media\/2260"}],"wp:attachment":[{"href":"https:\/\/www.corrientes.tv\/ctvnoticias\/index.php?rest_route=%2Fwp%2Fv2%2Fmedia&parent=2259"}],"wp:term":[{"taxonomy":"category","embeddable":true,"href":"https:\/\/www.corrientes.tv\/ctvnoticias\/index.php?rest_route=%2Fwp%2Fv2%2Fcategories&post=2259"},{"taxonomy":"post_tag","embeddable":true,"href":"https:\/\/www.corrientes.tv\/ctvnoticias\/index.php?rest_route=%2Fwp%2Fv2%2Ftags&post=2259"}],"curies":[{"name":"wp","href":"https:\/\/api.w.org\/{rel}","templated":true}]}}