{"id":2299,"date":"2023-10-03T09:48:33","date_gmt":"2023-10-03T12:48:33","guid":{"rendered":"https:\/\/www.corrientes.tv\/ctvnoticias\/?p=2299"},"modified":"2023-10-03T09:48:33","modified_gmt":"2023-10-03T12:48:33","slug":"cientificos-argentinos-fueron-distinguidos-con-premios-de-la-fundacion-bunge-y-born","status":"publish","type":"post","link":"https:\/\/www.corrientes.tv\/ctvnoticias\/?p=2299","title":{"rendered":"Cient\u00edficos argentinos fueron distinguidos con premios de la Fundaci\u00f3n Bunge y Born"},"content":{"rendered":"<p>Raquel Chan, una bioqu\u00edmica argentina que se exili\u00f3 a los 16 a\u00f1os a Israel y regres\u00f3 al pa\u00eds con la vuelta de la democracia, fue reconocida con el Premio Fundaci\u00f3n Bunge y Born 2023 por sus investigaciones en agrobiotecnolog\u00eda. Por su parte, Federico Ariel y Gabriela Soto fueron distinguidos con el premio Est\u00edmulo 2023 por destacarse a nivel internacional en la misma disciplina.<\/p>\n<p>Fuente: Telam S.E.<\/p>\n","protected":false},"excerpt":{"rendered":"<p>Raquel Chan, una bioqu\u00edmica argentina que se exili\u00f3 a los 16 a\u00f1os a Israel y regres\u00f3 al pa\u00eds con la vuelta de la democracia, fue reconocida con el Premio Fundaci\u00f3n Bunge y Born 2023 por sus investigaciones en agrobiotecnolog\u00eda. Por su parte, Federico Ariel y Gabriela Soto fueron distinguidos con el premio Est\u00edmulo 2023 por [&hellip;]<\/p>\n","protected":false},"author":1,"featured_media":2300,"comment_status":"open","ping_status":"open","sticky":false,"template":"","format":"standard","meta":{"footnotes":""},"categories":[9,7,6],"tags":[],"class_list":["post-2299","post","type-post","status-publish","format-standard","has-post-thumbnail","hentry","category-ctv-noticias","category-noticias-internacionales","category-noticias-nacionales","gallery-content-unit"],"_links":{"self":[{"href":"https:\/\/www.corrientes.tv\/ctvnoticias\/index.php?rest_route=\/wp\/v2\/posts\/2299","targetHints":{"allow":["GET"]}}],"collection":[{"href":"https:\/\/www.corrientes.tv\/ctvnoticias\/index.php?rest_route=\/wp\/v2\/posts"}],"about":[{"href":"https:\/\/www.corrientes.tv\/ctvnoticias\/index.php?rest_route=\/wp\/v2\/types\/post"}],"author":[{"embeddable":true,"href":"https:\/\/www.corrientes.tv\/ctvnoticias\/index.php?rest_route=\/wp\/v2\/users\/1"}],"replies":[{"embeddable":true,"href":"https:\/\/www.corrientes.tv\/ctvnoticias\/index.php?rest_route=%2Fwp%2Fv2%2Fcomments&post=2299"}],"version-history":[{"count":1,"href":"https:\/\/www.corrientes.tv\/ctvnoticias\/index.php?rest_route=\/wp\/v2\/posts\/2299\/revisions"}],"predecessor-version":[{"id":2301,"href":"https:\/\/www.corrientes.tv\/ctvnoticias\/index.php?rest_route=\/wp\/v2\/posts\/2299\/revisions\/2301"}],"wp:featuredmedia":[{"embeddable":true,"href":"https:\/\/www.corrientes.tv\/ctvnoticias\/index.php?rest_route=\/wp\/v2\/media\/2300"}],"wp:attachment":[{"href":"https:\/\/www.corrientes.tv\/ctvnoticias\/index.php?rest_route=%2Fwp%2Fv2%2Fmedia&parent=2299"}],"wp:term":[{"taxonomy":"category","embeddable":true,"href":"https:\/\/www.corrientes.tv\/ctvnoticias\/index.php?rest_route=%2Fwp%2Fv2%2Fcategories&post=2299"},{"taxonomy":"post_tag","embeddable":true,"href":"https:\/\/www.corrientes.tv\/ctvnoticias\/index.php?rest_route=%2Fwp%2Fv2%2Ftags&post=2299"}],"curies":[{"name":"wp","href":"https:\/\/api.w.org\/{rel}","templated":true}]}}