{"id":2302,"date":"2023-10-03T09:52:17","date_gmt":"2023-10-03T12:52:17","guid":{"rendered":"https:\/\/www.corrientes.tv\/ctvnoticias\/?p=2302"},"modified":"2023-10-03T09:52:17","modified_gmt":"2023-10-03T12:52:17","slug":"massa-decidio-apartar-de-su-cargo-a-la-gerenta-general-del-banco-nacion","status":"publish","type":"post","link":"https:\/\/www.corrientes.tv\/ctvnoticias\/?p=2302","title":{"rendered":"Massa decidi\u00f3 apartar de su cargo a la gerenta general del Banco Naci\u00f3n"},"content":{"rendered":"<p>El ministro de Econom\u00eda, Sergio Massa, le pidi\u00f3 este lunes a la presidenta del Banco Naci\u00f3n, Silvina Batakis, que separe de su cargo a la gerenta general de la entidad, Mar\u00eda del Carmen Barros, luego de que se hiciera p\u00fablica una contrataci\u00f3n irregular por un trabajo de asesoramiento. La medida se har\u00e1 efectiva hoy martes, cuando se convoque a una reuni\u00f3n de Directorio de la entidad bancaria oficial, para convalidar formalmente la separaci\u00f3n de la gerenta general de su cargo.<\/p>\n<p>Fuente: Telam S.E.<\/p>\n","protected":false},"excerpt":{"rendered":"<p>El ministro de Econom\u00eda, Sergio Massa, le pidi\u00f3 este lunes a la presidenta del Banco Naci\u00f3n, Silvina Batakis, que separe de su cargo a la gerenta general de la entidad, Mar\u00eda del Carmen Barros, luego de que se hiciera p\u00fablica una contrataci\u00f3n irregular por un trabajo de asesoramiento. La medida se har\u00e1 efectiva hoy martes, [&hellip;]<\/p>\n","protected":false},"author":1,"featured_media":2303,"comment_status":"open","ping_status":"open","sticky":false,"template":"","format":"standard","meta":{"footnotes":""},"categories":[9,6],"tags":[],"class_list":["post-2302","post","type-post","status-publish","format-standard","has-post-thumbnail","hentry","category-ctv-noticias","category-noticias-nacionales","gallery-content-unit"],"_links":{"self":[{"href":"https:\/\/www.corrientes.tv\/ctvnoticias\/index.php?rest_route=\/wp\/v2\/posts\/2302","targetHints":{"allow":["GET"]}}],"collection":[{"href":"https:\/\/www.corrientes.tv\/ctvnoticias\/index.php?rest_route=\/wp\/v2\/posts"}],"about":[{"href":"https:\/\/www.corrientes.tv\/ctvnoticias\/index.php?rest_route=\/wp\/v2\/types\/post"}],"author":[{"embeddable":true,"href":"https:\/\/www.corrientes.tv\/ctvnoticias\/index.php?rest_route=\/wp\/v2\/users\/1"}],"replies":[{"embeddable":true,"href":"https:\/\/www.corrientes.tv\/ctvnoticias\/index.php?rest_route=%2Fwp%2Fv2%2Fcomments&post=2302"}],"version-history":[{"count":1,"href":"https:\/\/www.corrientes.tv\/ctvnoticias\/index.php?rest_route=\/wp\/v2\/posts\/2302\/revisions"}],"predecessor-version":[{"id":2304,"href":"https:\/\/www.corrientes.tv\/ctvnoticias\/index.php?rest_route=\/wp\/v2\/posts\/2302\/revisions\/2304"}],"wp:featuredmedia":[{"embeddable":true,"href":"https:\/\/www.corrientes.tv\/ctvnoticias\/index.php?rest_route=\/wp\/v2\/media\/2303"}],"wp:attachment":[{"href":"https:\/\/www.corrientes.tv\/ctvnoticias\/index.php?rest_route=%2Fwp%2Fv2%2Fmedia&parent=2302"}],"wp:term":[{"taxonomy":"category","embeddable":true,"href":"https:\/\/www.corrientes.tv\/ctvnoticias\/index.php?rest_route=%2Fwp%2Fv2%2Fcategories&post=2302"},{"taxonomy":"post_tag","embeddable":true,"href":"https:\/\/www.corrientes.tv\/ctvnoticias\/index.php?rest_route=%2Fwp%2Fv2%2Ftags&post=2302"}],"curies":[{"name":"wp","href":"https:\/\/api.w.org\/{rel}","templated":true}]}}