{"id":2308,"date":"2023-10-05T09:26:12","date_gmt":"2023-10-05T12:26:12","guid":{"rendered":"https:\/\/www.corrientes.tv\/ctvnoticias\/?p=2308"},"modified":"2023-10-05T09:26:12","modified_gmt":"2023-10-05T12:26:12","slug":"massa-anuncio-incentivos-para-exportaciones-del-sector-pyme","status":"publish","type":"post","link":"https:\/\/www.corrientes.tv\/ctvnoticias\/?p=2308","title":{"rendered":"Massa anunci\u00f3 incentivos para exportaciones del sector pyme"},"content":{"rendered":"<p>El ministro de Econom\u00eda y candidato presidencial por Uni\u00f3n por la Patria (UxP), Sergio Massa, afirm\u00f3 que desde el lunes regir\u00e1 un incentivo exportador para el sector pyme, y asegur\u00f3 que su proyecto tras las elecciones es simplificar el sistema tributario, aumentar los incentivos exportadores y robustecer la acumulaci\u00f3n de reservas para fortalecer la moneda nacional.<\/p>\n<p>Fuente: Telam S.E.<\/p>\n<p>&nbsp;<\/p>\n","protected":false},"excerpt":{"rendered":"<p>El ministro de Econom\u00eda y candidato presidencial por Uni\u00f3n por la Patria (UxP), Sergio Massa, afirm\u00f3 que desde el lunes regir\u00e1 un incentivo exportador para el sector pyme, y asegur\u00f3 que su proyecto tras las elecciones es simplificar el sistema tributario, aumentar los incentivos exportadores y robustecer la acumulaci\u00f3n de reservas para fortalecer la moneda [&hellip;]<\/p>\n","protected":false},"author":1,"featured_media":2309,"comment_status":"open","ping_status":"open","sticky":false,"template":"","format":"standard","meta":{"footnotes":""},"categories":[9,6],"tags":[],"class_list":["post-2308","post","type-post","status-publish","format-standard","has-post-thumbnail","hentry","category-ctv-noticias","category-noticias-nacionales","gallery-content-unit"],"_links":{"self":[{"href":"https:\/\/www.corrientes.tv\/ctvnoticias\/index.php?rest_route=\/wp\/v2\/posts\/2308","targetHints":{"allow":["GET"]}}],"collection":[{"href":"https:\/\/www.corrientes.tv\/ctvnoticias\/index.php?rest_route=\/wp\/v2\/posts"}],"about":[{"href":"https:\/\/www.corrientes.tv\/ctvnoticias\/index.php?rest_route=\/wp\/v2\/types\/post"}],"author":[{"embeddable":true,"href":"https:\/\/www.corrientes.tv\/ctvnoticias\/index.php?rest_route=\/wp\/v2\/users\/1"}],"replies":[{"embeddable":true,"href":"https:\/\/www.corrientes.tv\/ctvnoticias\/index.php?rest_route=%2Fwp%2Fv2%2Fcomments&post=2308"}],"version-history":[{"count":1,"href":"https:\/\/www.corrientes.tv\/ctvnoticias\/index.php?rest_route=\/wp\/v2\/posts\/2308\/revisions"}],"predecessor-version":[{"id":2310,"href":"https:\/\/www.corrientes.tv\/ctvnoticias\/index.php?rest_route=\/wp\/v2\/posts\/2308\/revisions\/2310"}],"wp:featuredmedia":[{"embeddable":true,"href":"https:\/\/www.corrientes.tv\/ctvnoticias\/index.php?rest_route=\/wp\/v2\/media\/2309"}],"wp:attachment":[{"href":"https:\/\/www.corrientes.tv\/ctvnoticias\/index.php?rest_route=%2Fwp%2Fv2%2Fmedia&parent=2308"}],"wp:term":[{"taxonomy":"category","embeddable":true,"href":"https:\/\/www.corrientes.tv\/ctvnoticias\/index.php?rest_route=%2Fwp%2Fv2%2Fcategories&post=2308"},{"taxonomy":"post_tag","embeddable":true,"href":"https:\/\/www.corrientes.tv\/ctvnoticias\/index.php?rest_route=%2Fwp%2Fv2%2Ftags&post=2308"}],"curies":[{"name":"wp","href":"https:\/\/api.w.org\/{rel}","templated":true}]}}