{"id":2314,"date":"2023-10-06T09:11:43","date_gmt":"2023-10-06T12:11:43","guid":{"rendered":"https:\/\/www.corrientes.tv\/ctvnoticias\/?p=2314"},"modified":"2023-10-06T09:13:29","modified_gmt":"2023-10-06T12:13:29","slug":"periodistas-holandeses-reconocidos-por-labor-en-la-ultima-dictadura-civico-militar","status":"publish","type":"post","link":"https:\/\/www.corrientes.tv\/ctvnoticias\/?p=2314","title":{"rendered":"Periodistas Holandeses reconocidos por labor en la \u00faltima dictadura c\u00edvico-militar"},"content":{"rendered":"<p>Los periodistas holandeses Jan Van der Putten, autor de la hist\u00f3rica entrevista a las Madres de Plaza de Mayo durante el Mundial de F\u00fatbol de 1978, y Frits Jelle Barend, quien se hizo pasar por futbolista neerland\u00e9s para preguntarle al dictador Jorge Rafael Videla por los desaparecidos, recibieron un homenaje en la Legislatura de la ciudad de buenos aires.<\/p>\n<p>Fuente: Telam S.E.<\/p>\n","protected":false},"excerpt":{"rendered":"<p>Los periodistas holandeses Jan Van der Putten, autor de la hist\u00f3rica entrevista a las Madres de Plaza de Mayo durante el Mundial de F\u00fatbol de 1978, y Frits Jelle Barend, quien se hizo pasar por futbolista neerland\u00e9s para preguntarle al dictador Jorge Rafael Videla por los desaparecidos, recibieron un homenaje en la Legislatura de la [&hellip;]<\/p>\n","protected":false},"author":1,"featured_media":2315,"comment_status":"open","ping_status":"open","sticky":false,"template":"","format":"standard","meta":{"footnotes":""},"categories":[9,7,6],"tags":[],"class_list":["post-2314","post","type-post","status-publish","format-standard","has-post-thumbnail","hentry","category-ctv-noticias","category-noticias-internacionales","category-noticias-nacionales","gallery-content-unit"],"_links":{"self":[{"href":"https:\/\/www.corrientes.tv\/ctvnoticias\/index.php?rest_route=\/wp\/v2\/posts\/2314","targetHints":{"allow":["GET"]}}],"collection":[{"href":"https:\/\/www.corrientes.tv\/ctvnoticias\/index.php?rest_route=\/wp\/v2\/posts"}],"about":[{"href":"https:\/\/www.corrientes.tv\/ctvnoticias\/index.php?rest_route=\/wp\/v2\/types\/post"}],"author":[{"embeddable":true,"href":"https:\/\/www.corrientes.tv\/ctvnoticias\/index.php?rest_route=\/wp\/v2\/users\/1"}],"replies":[{"embeddable":true,"href":"https:\/\/www.corrientes.tv\/ctvnoticias\/index.php?rest_route=%2Fwp%2Fv2%2Fcomments&post=2314"}],"version-history":[{"count":2,"href":"https:\/\/www.corrientes.tv\/ctvnoticias\/index.php?rest_route=\/wp\/v2\/posts\/2314\/revisions"}],"predecessor-version":[{"id":2317,"href":"https:\/\/www.corrientes.tv\/ctvnoticias\/index.php?rest_route=\/wp\/v2\/posts\/2314\/revisions\/2317"}],"wp:featuredmedia":[{"embeddable":true,"href":"https:\/\/www.corrientes.tv\/ctvnoticias\/index.php?rest_route=\/wp\/v2\/media\/2315"}],"wp:attachment":[{"href":"https:\/\/www.corrientes.tv\/ctvnoticias\/index.php?rest_route=%2Fwp%2Fv2%2Fmedia&parent=2314"}],"wp:term":[{"taxonomy":"category","embeddable":true,"href":"https:\/\/www.corrientes.tv\/ctvnoticias\/index.php?rest_route=%2Fwp%2Fv2%2Fcategories&post=2314"},{"taxonomy":"post_tag","embeddable":true,"href":"https:\/\/www.corrientes.tv\/ctvnoticias\/index.php?rest_route=%2Fwp%2Fv2%2Ftags&post=2314"}],"curies":[{"name":"wp","href":"https:\/\/api.w.org\/{rel}","templated":true}]}}