{"id":2322,"date":"2023-10-09T14:51:23","date_gmt":"2023-10-09T17:51:23","guid":{"rendered":"https:\/\/www.corrientes.tv\/ctvnoticias\/?p=2322"},"modified":"2023-10-09T14:51:23","modified_gmt":"2023-10-09T17:51:23","slug":"el-banco-nacion-extendio-hasta-fin-de-ano-descuentos-del-40-para-la-compra-de-carne","status":"publish","type":"post","link":"https:\/\/www.corrientes.tv\/ctvnoticias\/?p=2322","title":{"rendered":"El Banco Naci\u00f3n extendi\u00f3 hasta fin de a\u00f1o descuentos del 40% para la compra de carne"},"content":{"rendered":"<p>El Banco Naci\u00f3n extendi\u00f3 hasta fin de a\u00f1o el descuento del 40% para las compras en las carnicer\u00edas adheridas de todo el pa\u00eds, siempre que se utilicen las tarjetas de D\u00e9bito Mastercard y D\u00e9bito Maestro, exclusiva para jubilados, emitidas por la entidad con el objetivo de profundizar beneficios y ampliar el consumo de carne.<\/p>\n<p>Fuente: Telam S.E.<\/p>\n","protected":false},"excerpt":{"rendered":"<p>El Banco Naci\u00f3n extendi\u00f3 hasta fin de a\u00f1o el descuento del 40% para las compras en las carnicer\u00edas adheridas de todo el pa\u00eds, siempre que se utilicen las tarjetas de D\u00e9bito Mastercard y D\u00e9bito Maestro, exclusiva para jubilados, emitidas por la entidad con el objetivo de profundizar beneficios y ampliar el consumo de carne. Fuente: [&hellip;]<\/p>\n","protected":false},"author":1,"featured_media":2323,"comment_status":"open","ping_status":"open","sticky":false,"template":"","format":"standard","meta":{"footnotes":""},"categories":[9,4,6,5],"tags":[],"class_list":["post-2322","post","type-post","status-publish","format-standard","has-post-thumbnail","hentry","category-ctv-noticias","category-noticias-locales-de-corrientes","category-noticias-nacionales","category-noticias-provinciales-de-corrientes","gallery-content-unit"],"_links":{"self":[{"href":"https:\/\/www.corrientes.tv\/ctvnoticias\/index.php?rest_route=\/wp\/v2\/posts\/2322","targetHints":{"allow":["GET"]}}],"collection":[{"href":"https:\/\/www.corrientes.tv\/ctvnoticias\/index.php?rest_route=\/wp\/v2\/posts"}],"about":[{"href":"https:\/\/www.corrientes.tv\/ctvnoticias\/index.php?rest_route=\/wp\/v2\/types\/post"}],"author":[{"embeddable":true,"href":"https:\/\/www.corrientes.tv\/ctvnoticias\/index.php?rest_route=\/wp\/v2\/users\/1"}],"replies":[{"embeddable":true,"href":"https:\/\/www.corrientes.tv\/ctvnoticias\/index.php?rest_route=%2Fwp%2Fv2%2Fcomments&post=2322"}],"version-history":[{"count":1,"href":"https:\/\/www.corrientes.tv\/ctvnoticias\/index.php?rest_route=\/wp\/v2\/posts\/2322\/revisions"}],"predecessor-version":[{"id":2324,"href":"https:\/\/www.corrientes.tv\/ctvnoticias\/index.php?rest_route=\/wp\/v2\/posts\/2322\/revisions\/2324"}],"wp:featuredmedia":[{"embeddable":true,"href":"https:\/\/www.corrientes.tv\/ctvnoticias\/index.php?rest_route=\/wp\/v2\/media\/2323"}],"wp:attachment":[{"href":"https:\/\/www.corrientes.tv\/ctvnoticias\/index.php?rest_route=%2Fwp%2Fv2%2Fmedia&parent=2322"}],"wp:term":[{"taxonomy":"category","embeddable":true,"href":"https:\/\/www.corrientes.tv\/ctvnoticias\/index.php?rest_route=%2Fwp%2Fv2%2Fcategories&post=2322"},{"taxonomy":"post_tag","embeddable":true,"href":"https:\/\/www.corrientes.tv\/ctvnoticias\/index.php?rest_route=%2Fwp%2Fv2%2Ftags&post=2322"}],"curies":[{"name":"wp","href":"https:\/\/api.w.org\/{rel}","templated":true}]}}