{"id":2332,"date":"2023-10-12T10:53:03","date_gmt":"2023-10-12T13:53:03","guid":{"rendered":"https:\/\/www.corrientes.tv\/ctvnoticias\/?p=2332"},"modified":"2023-10-12T10:53:03","modified_gmt":"2023-10-12T13:53:03","slug":"buscan-una-familia-para-lucio-un-adolescente-de-15-anos-ajedrecista-y-deportista","status":"publish","type":"post","link":"https:\/\/www.corrientes.tv\/ctvnoticias\/?p=2332","title":{"rendered":"Buscan una familia para Lucio, un adolescente de 15 a\u00f1os; ajedrecista y deportista."},"content":{"rendered":"<p>La jueza de Familia, Carolina Macarrein, del Juzgado de la Ni\u00f1ez y Adolescencia N\u00b04 de la ciudad de Corrientes, llam\u00f3 a Convocatoria P\u00fablica, Abierta y Nacional para buscar una familia para Lucio, un adolescente que lleva siete a\u00f1os institucionalizado y viviendo en hogares del Estado, luego de fallar en varias oportunidades el intento de convivencia con su madre y familiares.<\/p>\n<p>Fuente: Telam S.E.<\/p>\n","protected":false},"excerpt":{"rendered":"<p>La jueza de Familia, Carolina Macarrein, del Juzgado de la Ni\u00f1ez y Adolescencia N\u00b04 de la ciudad de Corrientes, llam\u00f3 a Convocatoria P\u00fablica, Abierta y Nacional para buscar una familia para Lucio, un adolescente que lleva siete a\u00f1os institucionalizado y viviendo en hogares del Estado, luego de fallar en varias oportunidades el intento de convivencia [&hellip;]<\/p>\n","protected":false},"author":1,"featured_media":2333,"comment_status":"open","ping_status":"open","sticky":false,"template":"","format":"standard","meta":{"footnotes":""},"categories":[9,4,5],"tags":[],"class_list":["post-2332","post","type-post","status-publish","format-standard","has-post-thumbnail","hentry","category-ctv-noticias","category-noticias-locales-de-corrientes","category-noticias-provinciales-de-corrientes","gallery-content-unit"],"_links":{"self":[{"href":"https:\/\/www.corrientes.tv\/ctvnoticias\/index.php?rest_route=\/wp\/v2\/posts\/2332","targetHints":{"allow":["GET"]}}],"collection":[{"href":"https:\/\/www.corrientes.tv\/ctvnoticias\/index.php?rest_route=\/wp\/v2\/posts"}],"about":[{"href":"https:\/\/www.corrientes.tv\/ctvnoticias\/index.php?rest_route=\/wp\/v2\/types\/post"}],"author":[{"embeddable":true,"href":"https:\/\/www.corrientes.tv\/ctvnoticias\/index.php?rest_route=\/wp\/v2\/users\/1"}],"replies":[{"embeddable":true,"href":"https:\/\/www.corrientes.tv\/ctvnoticias\/index.php?rest_route=%2Fwp%2Fv2%2Fcomments&post=2332"}],"version-history":[{"count":1,"href":"https:\/\/www.corrientes.tv\/ctvnoticias\/index.php?rest_route=\/wp\/v2\/posts\/2332\/revisions"}],"predecessor-version":[{"id":2334,"href":"https:\/\/www.corrientes.tv\/ctvnoticias\/index.php?rest_route=\/wp\/v2\/posts\/2332\/revisions\/2334"}],"wp:featuredmedia":[{"embeddable":true,"href":"https:\/\/www.corrientes.tv\/ctvnoticias\/index.php?rest_route=\/wp\/v2\/media\/2333"}],"wp:attachment":[{"href":"https:\/\/www.corrientes.tv\/ctvnoticias\/index.php?rest_route=%2Fwp%2Fv2%2Fmedia&parent=2332"}],"wp:term":[{"taxonomy":"category","embeddable":true,"href":"https:\/\/www.corrientes.tv\/ctvnoticias\/index.php?rest_route=%2Fwp%2Fv2%2Fcategories&post=2332"},{"taxonomy":"post_tag","embeddable":true,"href":"https:\/\/www.corrientes.tv\/ctvnoticias\/index.php?rest_route=%2Fwp%2Fv2%2Ftags&post=2332"}],"curies":[{"name":"wp","href":"https:\/\/api.w.org\/{rel}","templated":true}]}}