{"id":2338,"date":"2023-10-16T06:58:22","date_gmt":"2023-10-16T09:58:22","guid":{"rendered":"https:\/\/www.corrientes.tv\/ctvnoticias\/?p=2338"},"modified":"2023-10-16T06:58:22","modified_gmt":"2023-10-16T09:58:22","slug":"daran-a-conocer-el-veredicto-del-juicio-vii-brigada-por-delitos-de-lesa-humanidad","status":"publish","type":"post","link":"https:\/\/www.corrientes.tv\/ctvnoticias\/?p=2338","title":{"rendered":"Dar\u00e1n a conocer el veredicto del juicio VII Brigada por delitos de lesa humanidad"},"content":{"rendered":"<p>El Tribunal Oral Federal de Corrientes dar\u00e1 a conocer el mi\u00e9rcoles pr\u00f3ximo el veredicto del juicio conocido como \u00abVII Brigada de Infanter\u00eda\u00bb, que tuvo como acusados a nueve efectivos que actuaron en el Ej\u00e9rcito y la Gendarmer\u00eda, por cr\u00edmenes contra m\u00e1s de 100 personas en la subzona militar 23.<\/p>\n<p>Los jueces Juan Manuel Iglesias, Eduardo Belforte y Ferm\u00edn Ceroleni escuchar\u00e1n, a partir de las 17, escuchar\u00e1n las \u00faltimas palabras de los imputados y luego emitir\u00e1n la sentencia del d\u00e9cimo juicio que se realiz\u00f3 en la provincia de Corrientes, esta vez por delitos cometidos en el \u00e1mbito de la subzona militar 23, desde el comando de la VII Brigada de Infanter\u00eda, que estaba en cabeza del Regimiento de Infanter\u00eda 9.<\/p>\n<p>Los acusados en este proceso son el excomandante de la VII Brigada de Infanter\u00eda, Alfredo Carlos Farmache; el exauxiliar de la Divisi\u00f3n II Inteligencia, Eduardo Antonio Cardozo; el excoronel de Regimiento de Infanter\u00eda 9, Abelardo Carlos de la Vega; el exteniente 1\u00b0 de la Unidad Regimiento 9, Ra\u00fal Horacio Harsich; el exsargento ayudante y exauxiliar de Inteligencia de la Gendarmer\u00eda, Pedro Armando Alarc\u00f3n.<\/p>\n<p>Tambi\u00e9n el excomandante de Gendarmer\u00eda Nacional, Abelardo Palma; el exjefe de la Oficina de Inteligencia de la Jefatura de la Compa\u00f1\u00eda Comandos y Servicios del Regimiento de Infanter\u00eda 9, Juan Carlos De Marchi; el exoficial de Inteligencia de la Compa\u00f1\u00eda Comandos y Servicios del Regimiento de Infanter\u00eda 9, Horacio Losito; y el exalf\u00e9rez de la Gendarmer\u00eda Nacional, Ra\u00fal Alfredo Reynoso.<\/p>\n<p>Los imputados, que revistaron a la \u00e9poca de los hechos en el Regimiento de Infanter\u00eda 9, en la Polic\u00eda provincial y en dependencias de la Gendarmer\u00eda Nacional y de la Polic\u00eda Federal en Corrientes, son Pedro Armando Alarc\u00f3n, Jos\u00e9 Emilio Mechul\u00e1n, Abelardo Palma, Eduardo Antonio Cardoso, Abelardo Carlos De la Vega, Ra\u00fal Horacio Harsich, Alfredo Carlos Farmache, Juan Carlos De Marchi, Horacio Losito y Ra\u00fal Alfredo Reynoso.<\/p>\n<p>Fuente: Telam S.E.<\/p>\n","protected":false},"excerpt":{"rendered":"<p>El Tribunal Oral Federal de Corrientes dar\u00e1 a conocer el mi\u00e9rcoles pr\u00f3ximo el veredicto del juicio conocido como \u00abVII Brigada de Infanter\u00eda\u00bb, que tuvo como acusados a nueve efectivos que actuaron en el Ej\u00e9rcito y la Gendarmer\u00eda, por cr\u00edmenes contra m\u00e1s de 100 personas en la subzona militar 23. Los jueces Juan Manuel Iglesias, Eduardo [&hellip;]<\/p>\n","protected":false},"author":1,"featured_media":2339,"comment_status":"open","ping_status":"open","sticky":false,"template":"","format":"standard","meta":{"footnotes":""},"categories":[9,4,6,5],"tags":[],"class_list":["post-2338","post","type-post","status-publish","format-standard","has-post-thumbnail","hentry","category-ctv-noticias","category-noticias-locales-de-corrientes","category-noticias-nacionales","category-noticias-provinciales-de-corrientes","gallery-content-unit"],"_links":{"self":[{"href":"https:\/\/www.corrientes.tv\/ctvnoticias\/index.php?rest_route=\/wp\/v2\/posts\/2338","targetHints":{"allow":["GET"]}}],"collection":[{"href":"https:\/\/www.corrientes.tv\/ctvnoticias\/index.php?rest_route=\/wp\/v2\/posts"}],"about":[{"href":"https:\/\/www.corrientes.tv\/ctvnoticias\/index.php?rest_route=\/wp\/v2\/types\/post"}],"author":[{"embeddable":true,"href":"https:\/\/www.corrientes.tv\/ctvnoticias\/index.php?rest_route=\/wp\/v2\/users\/1"}],"replies":[{"embeddable":true,"href":"https:\/\/www.corrientes.tv\/ctvnoticias\/index.php?rest_route=%2Fwp%2Fv2%2Fcomments&post=2338"}],"version-history":[{"count":1,"href":"https:\/\/www.corrientes.tv\/ctvnoticias\/index.php?rest_route=\/wp\/v2\/posts\/2338\/revisions"}],"predecessor-version":[{"id":2340,"href":"https:\/\/www.corrientes.tv\/ctvnoticias\/index.php?rest_route=\/wp\/v2\/posts\/2338\/revisions\/2340"}],"wp:featuredmedia":[{"embeddable":true,"href":"https:\/\/www.corrientes.tv\/ctvnoticias\/index.php?rest_route=\/wp\/v2\/media\/2339"}],"wp:attachment":[{"href":"https:\/\/www.corrientes.tv\/ctvnoticias\/index.php?rest_route=%2Fwp%2Fv2%2Fmedia&parent=2338"}],"wp:term":[{"taxonomy":"category","embeddable":true,"href":"https:\/\/www.corrientes.tv\/ctvnoticias\/index.php?rest_route=%2Fwp%2Fv2%2Fcategories&post=2338"},{"taxonomy":"post_tag","embeddable":true,"href":"https:\/\/www.corrientes.tv\/ctvnoticias\/index.php?rest_route=%2Fwp%2Fv2%2Ftags&post=2338"}],"curies":[{"name":"wp","href":"https:\/\/api.w.org\/{rel}","templated":true}]}}