{"id":2342,"date":"2023-10-23T23:38:23","date_gmt":"2023-10-24T02:38:23","guid":{"rendered":"https:\/\/www.corrientes.tv\/ctvnoticias\/?p=2342"},"modified":"2023-10-23T23:38:23","modified_gmt":"2023-10-24T02:38:23","slug":"massa-revirtio-el-resultado-de-las-paso-y-gano-en-corrientes","status":"publish","type":"post","link":"https:\/\/www.corrientes.tv\/ctvnoticias\/?p=2342","title":{"rendered":"Massa revirti\u00f3 el resultado de las PASO y gan\u00f3 en Corrientes"},"content":{"rendered":"<p>El candidato presidencial Sergio Massa, de Uni\u00f3n por la Patria, gan\u00f3 este domingo las elecciones para presidente en la provincia de Corrientes con m\u00e1s del 37 por ciento de los votos y super\u00f3 por casi cinco puntos a Patricia Bullrich, de Juntos por el Cambio, y por 10 puntos a Javier Milei, de La Libertad Avanza, tras escrutarse el 97 por ciento de las mesas habilitadas.<\/p>\n","protected":false},"excerpt":{"rendered":"<p>El candidato presidencial Sergio Massa, de Uni\u00f3n por la Patria, gan\u00f3 este domingo las elecciones para presidente en la provincia de Corrientes con m\u00e1s del 37 por ciento de los votos y super\u00f3 por casi cinco puntos a Patricia Bullrich, de Juntos por el Cambio, y por 10 puntos a Javier Milei, de La Libertad [&hellip;]<\/p>\n","protected":false},"author":1,"featured_media":2343,"comment_status":"open","ping_status":"open","sticky":false,"template":"","format":"standard","meta":{"footnotes":""},"categories":[9,4,5],"tags":[],"class_list":["post-2342","post","type-post","status-publish","format-standard","has-post-thumbnail","hentry","category-ctv-noticias","category-noticias-locales-de-corrientes","category-noticias-provinciales-de-corrientes","gallery-content-unit"],"_links":{"self":[{"href":"https:\/\/www.corrientes.tv\/ctvnoticias\/index.php?rest_route=\/wp\/v2\/posts\/2342","targetHints":{"allow":["GET"]}}],"collection":[{"href":"https:\/\/www.corrientes.tv\/ctvnoticias\/index.php?rest_route=\/wp\/v2\/posts"}],"about":[{"href":"https:\/\/www.corrientes.tv\/ctvnoticias\/index.php?rest_route=\/wp\/v2\/types\/post"}],"author":[{"embeddable":true,"href":"https:\/\/www.corrientes.tv\/ctvnoticias\/index.php?rest_route=\/wp\/v2\/users\/1"}],"replies":[{"embeddable":true,"href":"https:\/\/www.corrientes.tv\/ctvnoticias\/index.php?rest_route=%2Fwp%2Fv2%2Fcomments&post=2342"}],"version-history":[{"count":1,"href":"https:\/\/www.corrientes.tv\/ctvnoticias\/index.php?rest_route=\/wp\/v2\/posts\/2342\/revisions"}],"predecessor-version":[{"id":2344,"href":"https:\/\/www.corrientes.tv\/ctvnoticias\/index.php?rest_route=\/wp\/v2\/posts\/2342\/revisions\/2344"}],"wp:featuredmedia":[{"embeddable":true,"href":"https:\/\/www.corrientes.tv\/ctvnoticias\/index.php?rest_route=\/wp\/v2\/media\/2343"}],"wp:attachment":[{"href":"https:\/\/www.corrientes.tv\/ctvnoticias\/index.php?rest_route=%2Fwp%2Fv2%2Fmedia&parent=2342"}],"wp:term":[{"taxonomy":"category","embeddable":true,"href":"https:\/\/www.corrientes.tv\/ctvnoticias\/index.php?rest_route=%2Fwp%2Fv2%2Fcategories&post=2342"},{"taxonomy":"post_tag","embeddable":true,"href":"https:\/\/www.corrientes.tv\/ctvnoticias\/index.php?rest_route=%2Fwp%2Fv2%2Ftags&post=2342"}],"curies":[{"name":"wp","href":"https:\/\/api.w.org\/{rel}","templated":true}]}}