{"id":2345,"date":"2023-10-30T10:11:40","date_gmt":"2023-10-30T13:11:40","guid":{"rendered":"https:\/\/www.corrientes.tv\/ctvnoticias\/?p=2345"},"modified":"2023-10-30T10:18:36","modified_gmt":"2023-10-30T13:18:36","slug":"la-secretaria-de-ddhh-senalizo-el-regimiento-5-de-paso-de-los-libres","status":"publish","type":"post","link":"https:\/\/www.corrientes.tv\/ctvnoticias\/?p=2345","title":{"rendered":"En Paso de los Libres, la Secretar\u00eda de DDHH se\u00f1aliz\u00f3 el Regimiento 5."},"content":{"rendered":"<p>La Secretar\u00eda de Derechos Humanos y la municipalidad de Paso de los Libres se\u00f1alizaron este s\u00e1bado como sitio de memoria el Regimiento de Infanter\u00eda 5 ubicado en esa ciudad de Corrientes, donde durante la \u00faltima dictadura c\u00edvico militar funcion\u00f3 un centro clandestino de detenci\u00f3n.<\/p>\n<p>Fuente: Telam S.E.<\/p>\n","protected":false},"excerpt":{"rendered":"<p>La Secretar\u00eda de Derechos Humanos y la municipalidad de Paso de los Libres se\u00f1alizaron este s\u00e1bado como sitio de memoria el Regimiento de Infanter\u00eda 5 ubicado en esa ciudad de Corrientes, donde durante la \u00faltima dictadura c\u00edvico militar funcion\u00f3 un centro clandestino de detenci\u00f3n. Fuente: Telam S.E.<\/p>\n","protected":false},"author":1,"featured_media":2346,"comment_status":"open","ping_status":"open","sticky":false,"template":"","format":"standard","meta":{"footnotes":""},"categories":[9,6,5],"tags":[],"class_list":["post-2345","post","type-post","status-publish","format-standard","has-post-thumbnail","hentry","category-ctv-noticias","category-noticias-nacionales","category-noticias-provinciales-de-corrientes","gallery-content-unit"],"_links":{"self":[{"href":"https:\/\/www.corrientes.tv\/ctvnoticias\/index.php?rest_route=\/wp\/v2\/posts\/2345","targetHints":{"allow":["GET"]}}],"collection":[{"href":"https:\/\/www.corrientes.tv\/ctvnoticias\/index.php?rest_route=\/wp\/v2\/posts"}],"about":[{"href":"https:\/\/www.corrientes.tv\/ctvnoticias\/index.php?rest_route=\/wp\/v2\/types\/post"}],"author":[{"embeddable":true,"href":"https:\/\/www.corrientes.tv\/ctvnoticias\/index.php?rest_route=\/wp\/v2\/users\/1"}],"replies":[{"embeddable":true,"href":"https:\/\/www.corrientes.tv\/ctvnoticias\/index.php?rest_route=%2Fwp%2Fv2%2Fcomments&post=2345"}],"version-history":[{"count":3,"href":"https:\/\/www.corrientes.tv\/ctvnoticias\/index.php?rest_route=\/wp\/v2\/posts\/2345\/revisions"}],"predecessor-version":[{"id":2354,"href":"https:\/\/www.corrientes.tv\/ctvnoticias\/index.php?rest_route=\/wp\/v2\/posts\/2345\/revisions\/2354"}],"wp:featuredmedia":[{"embeddable":true,"href":"https:\/\/www.corrientes.tv\/ctvnoticias\/index.php?rest_route=\/wp\/v2\/media\/2346"}],"wp:attachment":[{"href":"https:\/\/www.corrientes.tv\/ctvnoticias\/index.php?rest_route=%2Fwp%2Fv2%2Fmedia&parent=2345"}],"wp:term":[{"taxonomy":"category","embeddable":true,"href":"https:\/\/www.corrientes.tv\/ctvnoticias\/index.php?rest_route=%2Fwp%2Fv2%2Fcategories&post=2345"},{"taxonomy":"post_tag","embeddable":true,"href":"https:\/\/www.corrientes.tv\/ctvnoticias\/index.php?rest_route=%2Fwp%2Fv2%2Ftags&post=2345"}],"curies":[{"name":"wp","href":"https:\/\/api.w.org\/{rel}","templated":true}]}}