{"id":2379,"date":"2023-11-06T16:05:52","date_gmt":"2023-11-06T19:05:52","guid":{"rendered":"https:\/\/www.corrientes.tv\/ctvnoticias\/?p=2379"},"modified":"2023-11-06T16:23:43","modified_gmt":"2023-11-06T19:23:43","slug":"telam-acordo-entregar-archivos-sobre-la-masacre-de-luis-viale","status":"publish","type":"post","link":"https:\/\/www.corrientes.tv\/ctvnoticias\/?p=2379","title":{"rendered":"T\u00e9lam acord\u00f3 entregar archivos sobre la masacre de Luis Viale"},"content":{"rendered":"<p>La agencia T\u00e9lam firm\u00f3 un acuerdo de cesi\u00f3n de material period\u00edstico, fotogr\u00e1fico y audiovisual al Archivo Nacional de la Memoria (ANM) para contribuir con \u00abla memoria y justicia\u00bb de los obreros textiles y con la creaci\u00f3n de un Sitio de Memoria contra la Trata de Personas con fines de explotaci\u00f3n laboral en el extaller clandestino de la calle Luis Viale, ubicado en el barrio porte\u00f1o de Caballito.<\/p>\n<p>Fuente: Telam S.E.<\/p>\n","protected":false},"excerpt":{"rendered":"<p>La agencia T\u00e9lam firm\u00f3 un acuerdo de cesi\u00f3n de material period\u00edstico, fotogr\u00e1fico y audiovisual al Archivo Nacional de la Memoria (ANM) para contribuir con \u00abla memoria y justicia\u00bb de los obreros textiles y con la creaci\u00f3n de un Sitio de Memoria contra la Trata de Personas con fines de explotaci\u00f3n laboral en el extaller clandestino [&hellip;]<\/p>\n","protected":false},"author":1,"featured_media":2380,"comment_status":"open","ping_status":"open","sticky":false,"template":"","format":"standard","meta":{"footnotes":""},"categories":[9,6],"tags":[],"class_list":["post-2379","post","type-post","status-publish","format-standard","has-post-thumbnail","hentry","category-ctv-noticias","category-noticias-nacionales","gallery-content-unit"],"_links":{"self":[{"href":"https:\/\/www.corrientes.tv\/ctvnoticias\/index.php?rest_route=\/wp\/v2\/posts\/2379","targetHints":{"allow":["GET"]}}],"collection":[{"href":"https:\/\/www.corrientes.tv\/ctvnoticias\/index.php?rest_route=\/wp\/v2\/posts"}],"about":[{"href":"https:\/\/www.corrientes.tv\/ctvnoticias\/index.php?rest_route=\/wp\/v2\/types\/post"}],"author":[{"embeddable":true,"href":"https:\/\/www.corrientes.tv\/ctvnoticias\/index.php?rest_route=\/wp\/v2\/users\/1"}],"replies":[{"embeddable":true,"href":"https:\/\/www.corrientes.tv\/ctvnoticias\/index.php?rest_route=%2Fwp%2Fv2%2Fcomments&post=2379"}],"version-history":[{"count":1,"href":"https:\/\/www.corrientes.tv\/ctvnoticias\/index.php?rest_route=\/wp\/v2\/posts\/2379\/revisions"}],"predecessor-version":[{"id":2381,"href":"https:\/\/www.corrientes.tv\/ctvnoticias\/index.php?rest_route=\/wp\/v2\/posts\/2379\/revisions\/2381"}],"wp:featuredmedia":[{"embeddable":true,"href":"https:\/\/www.corrientes.tv\/ctvnoticias\/index.php?rest_route=\/wp\/v2\/media\/2380"}],"wp:attachment":[{"href":"https:\/\/www.corrientes.tv\/ctvnoticias\/index.php?rest_route=%2Fwp%2Fv2%2Fmedia&parent=2379"}],"wp:term":[{"taxonomy":"category","embeddable":true,"href":"https:\/\/www.corrientes.tv\/ctvnoticias\/index.php?rest_route=%2Fwp%2Fv2%2Fcategories&post=2379"},{"taxonomy":"post_tag","embeddable":true,"href":"https:\/\/www.corrientes.tv\/ctvnoticias\/index.php?rest_route=%2Fwp%2Fv2%2Ftags&post=2379"}],"curies":[{"name":"wp","href":"https:\/\/api.w.org\/{rel}","templated":true}]}}