{"id":2387,"date":"2023-11-07T20:52:13","date_gmt":"2023-11-07T23:52:13","guid":{"rendered":"https:\/\/www.corrientes.tv\/ctvnoticias\/?p=2387"},"modified":"2023-11-07T20:52:13","modified_gmt":"2023-11-07T23:52:13","slug":"massa-presento-en-cordoba-nueva-reglamentacion-sobre-precio-y-cupos-de-bioetanol","status":"publish","type":"post","link":"https:\/\/www.corrientes.tv\/ctvnoticias\/?p=2387","title":{"rendered":"Massa present\u00f3 en C\u00f3rdoba nueva reglamentaci\u00f3n sobre precio y cupos de bioetanol"},"content":{"rendered":"<p>El ministro de Econom\u00eda, Sergio Massa, y la secretaria de Energ\u00eda, Flavia Royon, presentaron la reglamentaci\u00f3n de precios del bioetanol, anticiparon el incremento del corte obligatorio para las naftas y la ampliaci\u00f3n del cupo para el llamado a nuevos proyectos de biocombustibles, en un acto celebrado en la ciudad de R\u00edo Cuarto, C\u00f3rdoba.<\/p>\n<p>Fuente: Telam S.E.<\/p>\n<p>&nbsp;<\/p>\n","protected":false},"excerpt":{"rendered":"<p>El ministro de Econom\u00eda, Sergio Massa, y la secretaria de Energ\u00eda, Flavia Royon, presentaron la reglamentaci\u00f3n de precios del bioetanol, anticiparon el incremento del corte obligatorio para las naftas y la ampliaci\u00f3n del cupo para el llamado a nuevos proyectos de biocombustibles, en un acto celebrado en la ciudad de R\u00edo Cuarto, C\u00f3rdoba. Fuente: Telam [&hellip;]<\/p>\n","protected":false},"author":1,"featured_media":2388,"comment_status":"open","ping_status":"open","sticky":false,"template":"","format":"standard","meta":{"footnotes":""},"categories":[9,6],"tags":[],"class_list":["post-2387","post","type-post","status-publish","format-standard","has-post-thumbnail","hentry","category-ctv-noticias","category-noticias-nacionales","gallery-content-unit"],"_links":{"self":[{"href":"https:\/\/www.corrientes.tv\/ctvnoticias\/index.php?rest_route=\/wp\/v2\/posts\/2387","targetHints":{"allow":["GET"]}}],"collection":[{"href":"https:\/\/www.corrientes.tv\/ctvnoticias\/index.php?rest_route=\/wp\/v2\/posts"}],"about":[{"href":"https:\/\/www.corrientes.tv\/ctvnoticias\/index.php?rest_route=\/wp\/v2\/types\/post"}],"author":[{"embeddable":true,"href":"https:\/\/www.corrientes.tv\/ctvnoticias\/index.php?rest_route=\/wp\/v2\/users\/1"}],"replies":[{"embeddable":true,"href":"https:\/\/www.corrientes.tv\/ctvnoticias\/index.php?rest_route=%2Fwp%2Fv2%2Fcomments&post=2387"}],"version-history":[{"count":1,"href":"https:\/\/www.corrientes.tv\/ctvnoticias\/index.php?rest_route=\/wp\/v2\/posts\/2387\/revisions"}],"predecessor-version":[{"id":2389,"href":"https:\/\/www.corrientes.tv\/ctvnoticias\/index.php?rest_route=\/wp\/v2\/posts\/2387\/revisions\/2389"}],"wp:featuredmedia":[{"embeddable":true,"href":"https:\/\/www.corrientes.tv\/ctvnoticias\/index.php?rest_route=\/wp\/v2\/media\/2388"}],"wp:attachment":[{"href":"https:\/\/www.corrientes.tv\/ctvnoticias\/index.php?rest_route=%2Fwp%2Fv2%2Fmedia&parent=2387"}],"wp:term":[{"taxonomy":"category","embeddable":true,"href":"https:\/\/www.corrientes.tv\/ctvnoticias\/index.php?rest_route=%2Fwp%2Fv2%2Fcategories&post=2387"},{"taxonomy":"post_tag","embeddable":true,"href":"https:\/\/www.corrientes.tv\/ctvnoticias\/index.php?rest_route=%2Fwp%2Fv2%2Ftags&post=2387"}],"curies":[{"name":"wp","href":"https:\/\/api.w.org\/{rel}","templated":true}]}}