{"id":2391,"date":"2023-11-10T04:44:54","date_gmt":"2023-11-10T07:44:54","guid":{"rendered":"https:\/\/www.corrientes.tv\/ctvnoticias\/?p=2391"},"modified":"2023-11-10T04:44:54","modified_gmt":"2023-11-10T07:44:54","slug":"el-ministerio-de-defensa-asiste-a-comunidades-del-litoral-afectadas","status":"publish","type":"post","link":"https:\/\/www.corrientes.tv\/ctvnoticias\/?p=2391","title":{"rendered":"El Ministerio de Defensa asiste a comunidades del Litoral afectadas"},"content":{"rendered":"<p>Funcionarios del Ministerio de Defensa visitaron el centro de evacuados de la ciudad correntina Paso de los Libres para supervisar el despliegue que mont\u00f3 el Ej\u00e9rcito en la regi\u00f3n para atender a la poblaci\u00f3n afectada por las inundaciones por el desborde de los r\u00edos Uruguay y Paran\u00e1, indic\u00f3 la cartera castrense.<\/p>\n<p>El secretario de Coordinaci\u00f3n Militar en Emergencias, Carlos Ospital, y el jefe del Ej\u00e9rcito, Guillermo Olegario Pereda, visitaron junto al intendente de Paso de los Libres, Mart\u00edn Ascua, el centro de evacuados ubicado en esa localidad correntina \u00abcon el fin de supervisar el despliegue que mont\u00f3 el Ej\u00e9rcito\u00bb en el Litoral para \u00abatender a la poblaci\u00f3n afectada por las inundaciones\u00bb, se detall\u00f3 en un comunicado.<\/p>\n<p>Los funcionarios junto al Grupo de Artiller\u00eda Monte III sobrevolaron \u00abla zona afectada y analizaron la situaci\u00f3n meteorol\u00f3gica e hidrogr\u00e1fica para los pr\u00f3ximos d\u00edas\u00bb, y luego se trasladaron al ex Regimiento 5, que ha sido transformado en el Centro Municipal de Evacuados, espacio para \u00abla respuesta a emergencias y desastres naturales\u00bb en la provincia de Corrientes.<\/p>\n<p>Fuente: Telam S.E.<\/p>\n","protected":false},"excerpt":{"rendered":"<p>Funcionarios del Ministerio de Defensa visitaron el centro de evacuados de la ciudad correntina Paso de los Libres para supervisar el despliegue que mont\u00f3 el Ej\u00e9rcito en la regi\u00f3n para atender a la poblaci\u00f3n afectada por las inundaciones por el desborde de los r\u00edos Uruguay y Paran\u00e1, indic\u00f3 la cartera castrense. El secretario de Coordinaci\u00f3n [&hellip;]<\/p>\n","protected":false},"author":1,"featured_media":2392,"comment_status":"open","ping_status":"open","sticky":false,"template":"","format":"standard","meta":{"footnotes":""},"categories":[9,4,6,5],"tags":[],"class_list":["post-2391","post","type-post","status-publish","format-standard","has-post-thumbnail","hentry","category-ctv-noticias","category-noticias-locales-de-corrientes","category-noticias-nacionales","category-noticias-provinciales-de-corrientes","gallery-content-unit"],"_links":{"self":[{"href":"https:\/\/www.corrientes.tv\/ctvnoticias\/index.php?rest_route=\/wp\/v2\/posts\/2391","targetHints":{"allow":["GET"]}}],"collection":[{"href":"https:\/\/www.corrientes.tv\/ctvnoticias\/index.php?rest_route=\/wp\/v2\/posts"}],"about":[{"href":"https:\/\/www.corrientes.tv\/ctvnoticias\/index.php?rest_route=\/wp\/v2\/types\/post"}],"author":[{"embeddable":true,"href":"https:\/\/www.corrientes.tv\/ctvnoticias\/index.php?rest_route=\/wp\/v2\/users\/1"}],"replies":[{"embeddable":true,"href":"https:\/\/www.corrientes.tv\/ctvnoticias\/index.php?rest_route=%2Fwp%2Fv2%2Fcomments&post=2391"}],"version-history":[{"count":1,"href":"https:\/\/www.corrientes.tv\/ctvnoticias\/index.php?rest_route=\/wp\/v2\/posts\/2391\/revisions"}],"predecessor-version":[{"id":2393,"href":"https:\/\/www.corrientes.tv\/ctvnoticias\/index.php?rest_route=\/wp\/v2\/posts\/2391\/revisions\/2393"}],"wp:featuredmedia":[{"embeddable":true,"href":"https:\/\/www.corrientes.tv\/ctvnoticias\/index.php?rest_route=\/wp\/v2\/media\/2392"}],"wp:attachment":[{"href":"https:\/\/www.corrientes.tv\/ctvnoticias\/index.php?rest_route=%2Fwp%2Fv2%2Fmedia&parent=2391"}],"wp:term":[{"taxonomy":"category","embeddable":true,"href":"https:\/\/www.corrientes.tv\/ctvnoticias\/index.php?rest_route=%2Fwp%2Fv2%2Fcategories&post=2391"},{"taxonomy":"post_tag","embeddable":true,"href":"https:\/\/www.corrientes.tv\/ctvnoticias\/index.php?rest_route=%2Fwp%2Fv2%2Ftags&post=2391"}],"curies":[{"name":"wp","href":"https:\/\/api.w.org\/{rel}","templated":true}]}}