{"id":2394,"date":"2023-11-10T04:51:00","date_gmt":"2023-11-10T07:51:00","guid":{"rendered":"https:\/\/www.corrientes.tv\/ctvnoticias\/?p=2394"},"modified":"2023-11-10T04:52:32","modified_gmt":"2023-11-10T07:52:32","slug":"nunca-mas-tolerar-el-antisemitismo-en-el-85-aniversario-de-pogromo-nazi","status":"publish","type":"post","link":"https:\/\/www.corrientes.tv\/ctvnoticias\/?p=2394","title":{"rendered":"\u00abNunca m\u00e1s\u00bb tolerar el antisemitismo en el 85\u00b0 aniversario de pogromo nazi"},"content":{"rendered":"<p>El canciller alem\u00e1n, Olaf Scholz, prometi\u00f3 proteger a los jud\u00edos en Alemania al conmemorar el 85\u00ba aniversario del pogromo nazi conocido como la Noche de los Cristales Rotos, en un contexto de resurgimiento de actos antisemitas desde el inicio de la guerra entre Israel y Hamas. La promesa de \u00abnunca m\u00e1s\u00bb tolerar el antisemitismo, \u00abes una promesa que debemos cumplir ahora\u00bb, dijo el canciller en la sinagoga Beth Zion de Berl\u00edn, devastada y vandalizada por los nazis en la noche del 9 de noviembre de 1938 al igual que muchos otros lugares de culto, tiendas y hogares jud\u00edos.<\/p>\n<p>&nbsp;<\/p>\n","protected":false},"excerpt":{"rendered":"<p>El canciller alem\u00e1n, Olaf Scholz, prometi\u00f3 proteger a los jud\u00edos en Alemania al conmemorar el 85\u00ba aniversario del pogromo nazi conocido como la Noche de los Cristales Rotos, en un contexto de resurgimiento de actos antisemitas desde el inicio de la guerra entre Israel y Hamas. La promesa de \u00abnunca m\u00e1s\u00bb tolerar el antisemitismo, \u00abes [&hellip;]<\/p>\n","protected":false},"author":1,"featured_media":2395,"comment_status":"open","ping_status":"open","sticky":false,"template":"","format":"standard","meta":{"footnotes":""},"categories":[9,7,6],"tags":[],"class_list":["post-2394","post","type-post","status-publish","format-standard","has-post-thumbnail","hentry","category-ctv-noticias","category-noticias-internacionales","category-noticias-nacionales","gallery-content-unit"],"_links":{"self":[{"href":"https:\/\/www.corrientes.tv\/ctvnoticias\/index.php?rest_route=\/wp\/v2\/posts\/2394","targetHints":{"allow":["GET"]}}],"collection":[{"href":"https:\/\/www.corrientes.tv\/ctvnoticias\/index.php?rest_route=\/wp\/v2\/posts"}],"about":[{"href":"https:\/\/www.corrientes.tv\/ctvnoticias\/index.php?rest_route=\/wp\/v2\/types\/post"}],"author":[{"embeddable":true,"href":"https:\/\/www.corrientes.tv\/ctvnoticias\/index.php?rest_route=\/wp\/v2\/users\/1"}],"replies":[{"embeddable":true,"href":"https:\/\/www.corrientes.tv\/ctvnoticias\/index.php?rest_route=%2Fwp%2Fv2%2Fcomments&post=2394"}],"version-history":[{"count":2,"href":"https:\/\/www.corrientes.tv\/ctvnoticias\/index.php?rest_route=\/wp\/v2\/posts\/2394\/revisions"}],"predecessor-version":[{"id":2397,"href":"https:\/\/www.corrientes.tv\/ctvnoticias\/index.php?rest_route=\/wp\/v2\/posts\/2394\/revisions\/2397"}],"wp:featuredmedia":[{"embeddable":true,"href":"https:\/\/www.corrientes.tv\/ctvnoticias\/index.php?rest_route=\/wp\/v2\/media\/2395"}],"wp:attachment":[{"href":"https:\/\/www.corrientes.tv\/ctvnoticias\/index.php?rest_route=%2Fwp%2Fv2%2Fmedia&parent=2394"}],"wp:term":[{"taxonomy":"category","embeddable":true,"href":"https:\/\/www.corrientes.tv\/ctvnoticias\/index.php?rest_route=%2Fwp%2Fv2%2Fcategories&post=2394"},{"taxonomy":"post_tag","embeddable":true,"href":"https:\/\/www.corrientes.tv\/ctvnoticias\/index.php?rest_route=%2Fwp%2Fv2%2Ftags&post=2394"}],"curies":[{"name":"wp","href":"https:\/\/api.w.org\/{rel}","templated":true}]}}