{"id":2402,"date":"2023-11-20T08:21:41","date_gmt":"2023-11-20T11:21:41","guid":{"rendered":"https:\/\/www.corrientes.tv\/ctvnoticias\/?p=2402"},"modified":"2023-11-21T08:22:05","modified_gmt":"2023-11-21T11:22:05","slug":"javier-milei-sera-el-proximo-presidente-de-la-argentina","status":"publish","type":"post","link":"https:\/\/www.corrientes.tv\/ctvnoticias\/?p=2402","title":{"rendered":"Javier Milei ser\u00e1 el pr\u00f3ximo presidente de la Argentina"},"content":{"rendered":"<p>Javier Milei ser\u00e1 el pr\u00f3ximo presidente de la Argentina, el candidato libertario super\u00f3 este domingo ampliamente a Sergio Massa en el balotaje obteniendo 55,69% de los votos, casi 11 puntos m\u00e1s que su rival, que sum\u00f3 el 44,30 % de los votos escrutados.<\/p>\n","protected":false},"excerpt":{"rendered":"<p>Javier Milei ser\u00e1 el pr\u00f3ximo presidente de la Argentina, el candidato libertario super\u00f3 este domingo ampliamente a Sergio Massa en el balotaje obteniendo 55,69% de los votos, casi 11 puntos m\u00e1s que su rival, que sum\u00f3 el 44,30 % de los votos escrutados.<\/p>\n","protected":false},"author":1,"featured_media":2403,"comment_status":"open","ping_status":"open","sticky":false,"template":"","format":"standard","meta":{"footnotes":""},"categories":[9,7,6],"tags":[],"class_list":["post-2402","post","type-post","status-publish","format-standard","has-post-thumbnail","hentry","category-ctv-noticias","category-noticias-internacionales","category-noticias-nacionales","gallery-content-unit"],"_links":{"self":[{"href":"https:\/\/www.corrientes.tv\/ctvnoticias\/index.php?rest_route=\/wp\/v2\/posts\/2402","targetHints":{"allow":["GET"]}}],"collection":[{"href":"https:\/\/www.corrientes.tv\/ctvnoticias\/index.php?rest_route=\/wp\/v2\/posts"}],"about":[{"href":"https:\/\/www.corrientes.tv\/ctvnoticias\/index.php?rest_route=\/wp\/v2\/types\/post"}],"author":[{"embeddable":true,"href":"https:\/\/www.corrientes.tv\/ctvnoticias\/index.php?rest_route=\/wp\/v2\/users\/1"}],"replies":[{"embeddable":true,"href":"https:\/\/www.corrientes.tv\/ctvnoticias\/index.php?rest_route=%2Fwp%2Fv2%2Fcomments&post=2402"}],"version-history":[{"count":1,"href":"https:\/\/www.corrientes.tv\/ctvnoticias\/index.php?rest_route=\/wp\/v2\/posts\/2402\/revisions"}],"predecessor-version":[{"id":2404,"href":"https:\/\/www.corrientes.tv\/ctvnoticias\/index.php?rest_route=\/wp\/v2\/posts\/2402\/revisions\/2404"}],"wp:featuredmedia":[{"embeddable":true,"href":"https:\/\/www.corrientes.tv\/ctvnoticias\/index.php?rest_route=\/wp\/v2\/media\/2403"}],"wp:attachment":[{"href":"https:\/\/www.corrientes.tv\/ctvnoticias\/index.php?rest_route=%2Fwp%2Fv2%2Fmedia&parent=2402"}],"wp:term":[{"taxonomy":"category","embeddable":true,"href":"https:\/\/www.corrientes.tv\/ctvnoticias\/index.php?rest_route=%2Fwp%2Fv2%2Fcategories&post=2402"},{"taxonomy":"post_tag","embeddable":true,"href":"https:\/\/www.corrientes.tv\/ctvnoticias\/index.php?rest_route=%2Fwp%2Fv2%2Ftags&post=2402"}],"curies":[{"name":"wp","href":"https:\/\/api.w.org\/{rel}","templated":true}]}}