{"id":2411,"date":"2023-11-30T13:51:20","date_gmt":"2023-11-30T16:51:20","guid":{"rendered":"https:\/\/www.corrientes.tv\/ctvnoticias\/?p=2411"},"modified":"2023-11-30T13:51:20","modified_gmt":"2023-11-30T16:51:20","slug":"la-asamblea-legislativa-proclamo-la-formula-milei-villarruel","status":"publish","type":"post","link":"https:\/\/www.corrientes.tv\/ctvnoticias\/?p=2411","title":{"rendered":"La Asamblea Legislativa proclam\u00f3 la f\u00f3rmula Milei-Villarruel"},"content":{"rendered":"<p>La Asamblea Legislativa proclam\u00f3 ayer mi\u00e9rcoles formalmente la f\u00f3rmula presidencial integrada por Javier Milei y Victoria Villarruel, presentes en el recinto de sesiones, como paso reglamentario previo a su asunci\u00f3n, el pr\u00f3ximo 10 de diciembre.<\/p>\n","protected":false},"excerpt":{"rendered":"<p>La Asamblea Legislativa proclam\u00f3 ayer mi\u00e9rcoles formalmente la f\u00f3rmula presidencial integrada por Javier Milei y Victoria Villarruel, presentes en el recinto de sesiones, como paso reglamentario previo a su asunci\u00f3n, el pr\u00f3ximo 10 de diciembre.<\/p>\n","protected":false},"author":1,"featured_media":2412,"comment_status":"open","ping_status":"open","sticky":false,"template":"","format":"standard","meta":{"footnotes":""},"categories":[9,7,6],"tags":[],"class_list":["post-2411","post","type-post","status-publish","format-standard","has-post-thumbnail","hentry","category-ctv-noticias","category-noticias-internacionales","category-noticias-nacionales","gallery-content-unit"],"_links":{"self":[{"href":"https:\/\/www.corrientes.tv\/ctvnoticias\/index.php?rest_route=\/wp\/v2\/posts\/2411","targetHints":{"allow":["GET"]}}],"collection":[{"href":"https:\/\/www.corrientes.tv\/ctvnoticias\/index.php?rest_route=\/wp\/v2\/posts"}],"about":[{"href":"https:\/\/www.corrientes.tv\/ctvnoticias\/index.php?rest_route=\/wp\/v2\/types\/post"}],"author":[{"embeddable":true,"href":"https:\/\/www.corrientes.tv\/ctvnoticias\/index.php?rest_route=\/wp\/v2\/users\/1"}],"replies":[{"embeddable":true,"href":"https:\/\/www.corrientes.tv\/ctvnoticias\/index.php?rest_route=%2Fwp%2Fv2%2Fcomments&post=2411"}],"version-history":[{"count":1,"href":"https:\/\/www.corrientes.tv\/ctvnoticias\/index.php?rest_route=\/wp\/v2\/posts\/2411\/revisions"}],"predecessor-version":[{"id":2413,"href":"https:\/\/www.corrientes.tv\/ctvnoticias\/index.php?rest_route=\/wp\/v2\/posts\/2411\/revisions\/2413"}],"wp:featuredmedia":[{"embeddable":true,"href":"https:\/\/www.corrientes.tv\/ctvnoticias\/index.php?rest_route=\/wp\/v2\/media\/2412"}],"wp:attachment":[{"href":"https:\/\/www.corrientes.tv\/ctvnoticias\/index.php?rest_route=%2Fwp%2Fv2%2Fmedia&parent=2411"}],"wp:term":[{"taxonomy":"category","embeddable":true,"href":"https:\/\/www.corrientes.tv\/ctvnoticias\/index.php?rest_route=%2Fwp%2Fv2%2Fcategories&post=2411"},{"taxonomy":"post_tag","embeddable":true,"href":"https:\/\/www.corrientes.tv\/ctvnoticias\/index.php?rest_route=%2Fwp%2Fv2%2Ftags&post=2411"}],"curies":[{"name":"wp","href":"https:\/\/api.w.org\/{rel}","templated":true}]}}