{"id":596,"date":"2021-06-28T16:11:01","date_gmt":"2021-06-28T19:11:01","guid":{"rendered":"https:\/\/corrientes.tv\/ctvnoticias\/?p=596"},"modified":"2021-06-28T17:22:14","modified_gmt":"2021-06-28T20:22:14","slug":"gobierno-nacional-invertira-200-millones-en-corrientes-para-10-municipios","status":"publish","type":"post","link":"https:\/\/www.corrientes.tv\/ctvnoticias\/?p=596","title":{"rendered":"Gobierno nacional invertir\u00e1 $200 millones en Corrientes para 10 municipios"},"content":{"rendered":"<p>El Gobierno Nacional invertir\u00e1 $ 200 millones en 10 Comunas de la provincia de Corrientes a trav\u00e9s del programa \u201cMunicipios de Pie\u201d, que se suman a los 100 millones ya invertidos en 14 localidades, se anunci\u00f3 hoy oficialmente.<\/p>\n<p>Los recursos ser\u00e1n destinados a equipamiento, veh\u00edculos, insumos y bienes de capital, y en esta oportunidad las municipalidades beneficiadas son Esquina, Santa Luc\u00eda, Santo Tom\u00e9, Gobernador Virasoro, Loreto, Itat\u00ed, Parada Pucheta, Bonpland, San Isidro, Mercedes, Isla Apip\u00e9 y Felipe Yofre.<\/p>\n<p>El programa implementado en la gesti\u00f3n del presidente Alberto Fern\u00e1ndez a trav\u00e9s del Ministerio del Interior \u201cya financi\u00f3 en la provincia la compra de tractores para utilizaci\u00f3n comunitaria, de camionetas para traslado de pasajeros y camiones de recolecci\u00f3n de residuos\u201d, detalla el informe.<\/p>\n<p>Agrega que tambi\u00e9n se adquirieron m\u00f3dulos para el equipamiento de plazas; alumbrado p\u00fablico con luces LED; equipamiento de oficinas, de refrigeraci\u00f3n de ambiente, y material profesional para RX odontol\u00f3gico, entre otros.<\/p>\n<p>Al respecto, la coordinadora Regi\u00f3n NEA del Ministerio del Interior, Marlene Gauna, destac\u00f3 que \u201cadem\u00e1s del financiamiento, se ponen a disposici\u00f3n capacitaciones para los equipos t\u00e9cnicos municipales, con la finalidad de acompa\u00f1ar la gesti\u00f3n y ampliar sus proyectos\u201d.<\/p>\n<p>\u201cCada Municipio decide lo que sea mejor para sus vecinos y vecinas, el Estado Nacional apuesta a poner de pie a las comunas, con esta din\u00e1mica federal e inclusiva\u201d, remarc\u00f3 Gauna.<\/p>\n<p>Finalmente, se inform\u00f3 que el Programa implementado por la Subsecretar\u00eda de Relaciones Municipales del Ministerio del Interior, brinda asistencia t\u00e9cnica y financiera para la adquisici\u00f3n de equipamiento, insumos y bienes de capital \u201ccon el objetivo de impulsar la econom\u00eda, la integraci\u00f3n regional y la inclusi\u00f3n social\u201d.<\/p>\n<p>Fuente: Telam SE<\/p>\n","protected":false},"excerpt":{"rendered":"<p>El Gobierno Nacional invertir\u00e1 $ 200 millones en 10 Comunas de la provincia de Corrientes a trav\u00e9s del programa \u201cMunicipios de Pie\u201d, que se suman a los 100 millones ya invertidos en 14 localidades, se anunci\u00f3 hoy oficialmente. Los recursos ser\u00e1n destinados a equipamiento, veh\u00edculos, insumos y bienes de capital, y en esta oportunidad las [&hellip;]<\/p>\n","protected":false},"author":1,"featured_media":597,"comment_status":"open","ping_status":"open","sticky":false,"template":"","format":"standard","meta":{"footnotes":""},"categories":[4,6,5],"tags":[],"class_list":["post-596","post","type-post","status-publish","format-standard","has-post-thumbnail","hentry","category-noticias-locales-de-corrientes","category-noticias-nacionales","category-noticias-provinciales-de-corrientes","gallery-content-unit"],"_links":{"self":[{"href":"https:\/\/www.corrientes.tv\/ctvnoticias\/index.php?rest_route=\/wp\/v2\/posts\/596","targetHints":{"allow":["GET"]}}],"collection":[{"href":"https:\/\/www.corrientes.tv\/ctvnoticias\/index.php?rest_route=\/wp\/v2\/posts"}],"about":[{"href":"https:\/\/www.corrientes.tv\/ctvnoticias\/index.php?rest_route=\/wp\/v2\/types\/post"}],"author":[{"embeddable":true,"href":"https:\/\/www.corrientes.tv\/ctvnoticias\/index.php?rest_route=\/wp\/v2\/users\/1"}],"replies":[{"embeddable":true,"href":"https:\/\/www.corrientes.tv\/ctvnoticias\/index.php?rest_route=%2Fwp%2Fv2%2Fcomments&post=596"}],"version-history":[{"count":1,"href":"https:\/\/www.corrientes.tv\/ctvnoticias\/index.php?rest_route=\/wp\/v2\/posts\/596\/revisions"}],"predecessor-version":[{"id":598,"href":"https:\/\/www.corrientes.tv\/ctvnoticias\/index.php?rest_route=\/wp\/v2\/posts\/596\/revisions\/598"}],"wp:featuredmedia":[{"embeddable":true,"href":"https:\/\/www.corrientes.tv\/ctvnoticias\/index.php?rest_route=\/wp\/v2\/media\/597"}],"wp:attachment":[{"href":"https:\/\/www.corrientes.tv\/ctvnoticias\/index.php?rest_route=%2Fwp%2Fv2%2Fmedia&parent=596"}],"wp:term":[{"taxonomy":"category","embeddable":true,"href":"https:\/\/www.corrientes.tv\/ctvnoticias\/index.php?rest_route=%2Fwp%2Fv2%2Fcategories&post=596"},{"taxonomy":"post_tag","embeddable":true,"href":"https:\/\/www.corrientes.tv\/ctvnoticias\/index.php?rest_route=%2Fwp%2Fv2%2Ftags&post=596"}],"curies":[{"name":"wp","href":"https:\/\/api.w.org\/{rel}","templated":true}]}}