{"id":644,"date":"2021-06-28T17:10:18","date_gmt":"2021-06-28T20:10:18","guid":{"rendered":"https:\/\/corrientes.tv\/ctvnoticias\/?p=644"},"modified":"2021-06-29T02:50:28","modified_gmt":"2021-06-29T05:50:28","slug":"corrientes-descongela-la-tarifa-de-luz-y-diputados-piden-proteger-el-comercio-y-las-familias","status":"publish","type":"post","link":"https:\/\/www.corrientes.tv\/ctvnoticias\/?p=644","title":{"rendered":"Corrientes descongela la tarifa de luz y diputados piden \u00abproteger el comercio y las familias\u00bb"},"content":{"rendered":"<p>Diputados del Frente de Todos de Corrientes pidi\u00f3 hoy al Gobierno provincial que suspenda la suba de tarifas de electricidad recientemente autorizada para proteger a \u00ablas econom\u00edas familiares y el comercio, fuertemente afectados por la pandemia\u00bb.<\/p>\n<p>El gobernador correntino, Gustavo Vald\u00e9s, autoriz\u00f3 la modificaci\u00f3n del cuadro tarifario 2021 a la Direcci\u00f3n Provincial de Energ\u00eda de Corrientes (DPEC) a trav\u00e9s del Decreto N\u00ba 1.155, publicado en Bolet\u00edn Oficial el pasado 28 de mayo.<\/p>\n<p>En la C\u00e1mara de Diputados provincial, el bloque del Frente de Todos pidi\u00f3 la suspensi\u00f3n del ajuste a trav\u00e9s de un proyecto de resoluci\u00f3n en el que se pronunciaron a favor de la \u00abprotecci\u00f3n de las econom\u00edas familiares y del comercio local, fuertemente afectado por la pandemia de Covid-19\u00bb.<\/p>\n<p>\u201cSolicitamos al gobernador Gustavo Vald\u00e9s que suspenda la aplicaci\u00f3n del nuevo cuadro tarifario de la DPEC. No concebimos que en plena emergencia sanitaria y su consecuente crisis econ\u00f3mica, se actualicen las tarifas\u201d, remarcaron los integrantes del Frente de Todos.<\/p>\n<p>En el decreto provincial no est\u00e1 definida la fecha en la que comenzar\u00e1n a regir los nuevos valores tarifarios, pero s\u00ed explica que la variaci\u00f3n de costos que deber\u00e1n pagar los usuarios correntinos depender\u00e1 de las variables en la compra de energ\u00eda en el mercado mayorista por parte de la DPEC y en la compra de insumos.<\/p>\n<p>\u00abAmbas cuestiones est\u00e1n vinculadas directamente a los valores del d\u00f3lar estadounidense\u00bb, dijeron desde el Frente de Todos en Corrientes al rechazar ambos argumentos.<\/p>\n<p>\u201cEn una provincia cuya tarifa de energ\u00eda es de las m\u00e1s elevadas, donde el Gobierno interviene la DPEC hace a\u00f1os y no hay inversi\u00f3n real en materia energ\u00e9tica, donde no se construyen puestos genuinos de trabajo, es nuestro deber como legisladores, solicitar la suspensi\u00f3n de este nuevo tarifazo\u201d, remarcaron.<\/p>\n<p>Fuente: Telam SE<\/p>\n","protected":false},"excerpt":{"rendered":"<p>Diputados del Frente de Todos de Corrientes pidi\u00f3 hoy al Gobierno provincial que suspenda la suba de tarifas de electricidad recientemente autorizada para proteger a \u00ablas econom\u00edas familiares y el comercio, fuertemente afectados por la pandemia\u00bb. El gobernador correntino, Gustavo Vald\u00e9s, autoriz\u00f3 la modificaci\u00f3n del cuadro tarifario 2021 a la Direcci\u00f3n Provincial de Energ\u00eda de [&hellip;]<\/p>\n","protected":false},"author":1,"featured_media":645,"comment_status":"open","ping_status":"open","sticky":false,"template":"","format":"standard","meta":{"footnotes":""},"categories":[4,5],"tags":[],"class_list":["post-644","post","type-post","status-publish","format-standard","has-post-thumbnail","hentry","category-noticias-locales-de-corrientes","category-noticias-provinciales-de-corrientes","gallery-content-unit"],"_links":{"self":[{"href":"https:\/\/www.corrientes.tv\/ctvnoticias\/index.php?rest_route=\/wp\/v2\/posts\/644","targetHints":{"allow":["GET"]}}],"collection":[{"href":"https:\/\/www.corrientes.tv\/ctvnoticias\/index.php?rest_route=\/wp\/v2\/posts"}],"about":[{"href":"https:\/\/www.corrientes.tv\/ctvnoticias\/index.php?rest_route=\/wp\/v2\/types\/post"}],"author":[{"embeddable":true,"href":"https:\/\/www.corrientes.tv\/ctvnoticias\/index.php?rest_route=\/wp\/v2\/users\/1"}],"replies":[{"embeddable":true,"href":"https:\/\/www.corrientes.tv\/ctvnoticias\/index.php?rest_route=%2Fwp%2Fv2%2Fcomments&post=644"}],"version-history":[{"count":1,"href":"https:\/\/www.corrientes.tv\/ctvnoticias\/index.php?rest_route=\/wp\/v2\/posts\/644\/revisions"}],"predecessor-version":[{"id":646,"href":"https:\/\/www.corrientes.tv\/ctvnoticias\/index.php?rest_route=\/wp\/v2\/posts\/644\/revisions\/646"}],"wp:featuredmedia":[{"embeddable":true,"href":"https:\/\/www.corrientes.tv\/ctvnoticias\/index.php?rest_route=\/wp\/v2\/media\/645"}],"wp:attachment":[{"href":"https:\/\/www.corrientes.tv\/ctvnoticias\/index.php?rest_route=%2Fwp%2Fv2%2Fmedia&parent=644"}],"wp:term":[{"taxonomy":"category","embeddable":true,"href":"https:\/\/www.corrientes.tv\/ctvnoticias\/index.php?rest_route=%2Fwp%2Fv2%2Fcategories&post=644"},{"taxonomy":"post_tag","embeddable":true,"href":"https:\/\/www.corrientes.tv\/ctvnoticias\/index.php?rest_route=%2Fwp%2Fv2%2Ftags&post=644"}],"curies":[{"name":"wp","href":"https:\/\/api.w.org\/{rel}","templated":true}]}}