{"id":773,"date":"2021-07-01T04:59:36","date_gmt":"2021-07-01T07:59:36","guid":{"rendered":"https:\/\/corrientes.tv\/ctvnoticias\/?p=773"},"modified":"2021-07-01T04:59:36","modified_gmt":"2021-07-01T07:59:36","slug":"vicegobernador-de-corrientes-ratifico-alejamiento-del-oficialismo-y-se-sumo-al-frente-de-todos","status":"publish","type":"post","link":"https:\/\/www.corrientes.tv\/ctvnoticias\/?p=773","title":{"rendered":"Vicegobernador de Corrientes ratific\u00f3 alejamiento del oficialismo y se sum\u00f3 al Frente de Todos"},"content":{"rendered":"<p>El vicegobernador de Corrientes, Gustavo Canteros, ratific\u00f3 su alejamiento del oficialismo que encabeza el mandatario provincial Gustavo Vald\u00e9s y su incorporaci\u00f3n al Frente de Todos, en el cierre de ayer para inscribir alianzas provinciales y municipales de cara a los comicios del 29 de agosto.<\/p>\n<p>Canteros aspira ser intendente de la ciudad capital y su partido, Proyecto Corrientes, es uno de los 23 que conforman el Frente Corrientes de Todos, liderado por el Partido Justicialista, que se inscribi\u00f3 anoche como alianza electoral.<\/p>\n<p>El vicegobernador anunci\u00f3 oficialmente hace diez d\u00edas su alejamiento de la alianza Encuentro por Corrientes (ECo), tras ocho a\u00f1os en la vicegobernaci\u00f3n, primero en la gesti\u00f3n de Ricardo Colombi (UCR) y actualmente en la de Vald\u00e9s (UCR).<\/p>\n<p>Tras el cierre de alianzas, calific\u00f3 los acuerdos de \u00abaltamente positivos\u00bb y asegur\u00f3 que el Frente de Todos \u00abest\u00e1 consolidado\u00bb y agreg\u00f3 que hay partidos del frente gobernante que \u00abse han sumado\u00bb.<\/p>\n<p>\u00abEl Frente Corrientes de Todos es muy competitivo y estamos seguros que triunfaremos en muchas intendencias\u00bb, manifest\u00f3 a T\u00e9lam el vicegobernador.<\/p>\n<p>Seguidamente se\u00f1al\u00f3 que tras su ruptura con el frente gobernante recibi\u00f3 \u00abmuestras de afecto de muchos sectores pol\u00edticos, tambi\u00e9n de dirigentes radicales\u00bb.<\/p>\n<p>Por otra parte, si bien la presentaci\u00f3n de candidaturas se oficializa el 10 de julio, asegur\u00f3 que ser\u00e1 el postulante a intendente de la Capital por Frente de Todos.<\/p>\n<p>\u00abQuiero terminar con la asimetr\u00edas de la gesti\u00f3n del intendente Eduardo Tassano, que se ocupa de la zona c\u00e9ntrica y se olvida de los barrios\u00bb, expres\u00f3.<\/p>\n<p>D\u00edas atr\u00e1s, en un spot audiovisual, Canteros mencion\u00f3 que ECo, le cerr\u00f3 \u00abtoda posibilidad de participaci\u00f3n\u00bb en sus aspiraci\u00f3n de ser candidato a la intendencia de la Capital y anunci\u00f3 un nuevo frente pol\u00edtico.<\/p>\n<p>El vicegobernador, que se defini\u00f3 de \u00aborigen peronista\u00bb, mantuvo reuniones con el interventor del Partido Justicialista, Juan Zabaleta y competir\u00e1 por la intendencia capitalina.<\/p>\n<p>Corrientes tendr\u00e1 comicios provinciales y municipales el 29 de agosto, se elegir\u00e1 gobernador y vice, intendentes en 57 comunas, legisladores y concejales.<\/p>\n<p>Fuente: Telam SE<\/p>\n","protected":false},"excerpt":{"rendered":"<p>El vicegobernador de Corrientes, Gustavo Canteros, ratific\u00f3 su alejamiento del oficialismo que encabeza el mandatario provincial Gustavo Vald\u00e9s y su incorporaci\u00f3n al Frente de Todos, en el cierre de ayer para inscribir alianzas provinciales y municipales de cara a los comicios del 29 de agosto. Canteros aspira ser intendente de la ciudad capital y su [&hellip;]<\/p>\n","protected":false},"author":1,"featured_media":774,"comment_status":"open","ping_status":"open","sticky":false,"template":"","format":"standard","meta":{"footnotes":""},"categories":[4,5],"tags":[],"class_list":["post-773","post","type-post","status-publish","format-standard","has-post-thumbnail","hentry","category-noticias-locales-de-corrientes","category-noticias-provinciales-de-corrientes","gallery-content-unit"],"_links":{"self":[{"href":"https:\/\/www.corrientes.tv\/ctvnoticias\/index.php?rest_route=\/wp\/v2\/posts\/773","targetHints":{"allow":["GET"]}}],"collection":[{"href":"https:\/\/www.corrientes.tv\/ctvnoticias\/index.php?rest_route=\/wp\/v2\/posts"}],"about":[{"href":"https:\/\/www.corrientes.tv\/ctvnoticias\/index.php?rest_route=\/wp\/v2\/types\/post"}],"author":[{"embeddable":true,"href":"https:\/\/www.corrientes.tv\/ctvnoticias\/index.php?rest_route=\/wp\/v2\/users\/1"}],"replies":[{"embeddable":true,"href":"https:\/\/www.corrientes.tv\/ctvnoticias\/index.php?rest_route=%2Fwp%2Fv2%2Fcomments&post=773"}],"version-history":[{"count":1,"href":"https:\/\/www.corrientes.tv\/ctvnoticias\/index.php?rest_route=\/wp\/v2\/posts\/773\/revisions"}],"predecessor-version":[{"id":775,"href":"https:\/\/www.corrientes.tv\/ctvnoticias\/index.php?rest_route=\/wp\/v2\/posts\/773\/revisions\/775"}],"wp:featuredmedia":[{"embeddable":true,"href":"https:\/\/www.corrientes.tv\/ctvnoticias\/index.php?rest_route=\/wp\/v2\/media\/774"}],"wp:attachment":[{"href":"https:\/\/www.corrientes.tv\/ctvnoticias\/index.php?rest_route=%2Fwp%2Fv2%2Fmedia&parent=773"}],"wp:term":[{"taxonomy":"category","embeddable":true,"href":"https:\/\/www.corrientes.tv\/ctvnoticias\/index.php?rest_route=%2Fwp%2Fv2%2Fcategories&post=773"},{"taxonomy":"post_tag","embeddable":true,"href":"https:\/\/www.corrientes.tv\/ctvnoticias\/index.php?rest_route=%2Fwp%2Fv2%2Ftags&post=773"}],"curies":[{"name":"wp","href":"https:\/\/api.w.org\/{rel}","templated":true}]}}