{"id":776,"date":"2021-07-01T05:04:46","date_gmt":"2021-07-01T08:04:46","guid":{"rendered":"https:\/\/corrientes.tv\/ctvnoticias\/?p=776"},"modified":"2021-07-01T05:04:46","modified_gmt":"2021-07-01T08:04:46","slug":"el-gobernador-correntino-gustavo-valdes-recibio-a-la-conduccion-de-la-mesa-de-enlace","status":"publish","type":"post","link":"https:\/\/www.corrientes.tv\/ctvnoticias\/?p=776","title":{"rendered":"El gobernador correntino Gustavo Vald\u00e9s recibi\u00f3 a la conducci\u00f3n de la Mesa de Enlace"},"content":{"rendered":"<p>El gobernador de Corrientes, Gustavo Vald\u00e9s, recibi\u00f3 hoy a la conducci\u00f3n de la Mesa de Enlace y les manifest\u00f3 su apoyo en lo que respecta al pedido de liberaci\u00f3n de las exportaciones de carne.<\/p>\n<p>\u201cEl campo es pilar del desarrollo y debemos apoyarlo siempre\u201d, dijo este mediod\u00eda el mandatario correntino, tras el encuentro presencial que mantuvo con el presidente de la Sociedad Rural Argentina, Nicol\u00e1s Pino; el titular de Confederaciones Rurales Argentinas, Jorge Chemes; el vicepresidente de Coninagro, Elvio Laucirica; y el vocal de la Federaci\u00f3n Agraria Argentina, Mart\u00edn Spada.<\/p>\n<p>Pino, por su parte, destac\u00f3 que el gobernador Vald\u00e9s \u201cpermanentemente escucha los reclamos de la Mesa de Enlace, sobre todo en este momento dif\u00edcil que nos toca atravesar por el cese parcial de las exportaciones de carne\u201d.<\/p>\n<p>Respecto del reclamo de la Mesa de Enlace, el dirigente rural expres\u00f3 que \u00abla medida del Gobierno nacional es mala\u00bb y asegur\u00f3 que la queja formulada contra las restricciones existentes \u00abno s\u00f3lo es sectorial, porque afecta a los distintos eslabones de la cadena de la carne\u00bb.<\/p>\n<p>\u00abLos argentinos somos buenos haciendo carne y el mundo nos reconoce como buenos productores\u00bb, remarc\u00f3 el titular de la SRA.<\/p>\n<p>Finalmente, Pino precis\u00f3 que Gustavo Vald\u00e9s \u201ces el primer mandatario\u00bb que los recibe, \u00abes el punto de partida\u201d, en el marco de pedidos de audiencias formulados por la entidad a gobernadores de provincias productoras.<\/p>\n<p>En las \u00faltimas horas de la tarde de hoy, los dirigentes de la Mesa de Enlace ser\u00e1n recibidos por el gobernador chaque\u00f1o, Jorge Capitanich.<\/p>\n<p>Tras el encuentro con Vald\u00e9s, el ministro de Producci\u00f3n de Corrientes, Claudio Anselmo, tambi\u00e9n cuestion\u00f3 la medida sobre las exportaciones y sostuvo que desde la provincia \u201cven\u00edamos con un crecimiento importante de faena de exportaci\u00f3n con destino a China\u201d.<\/p>\n<p>Telam SE<\/p>\n","protected":false},"excerpt":{"rendered":"<p>El gobernador de Corrientes, Gustavo Vald\u00e9s, recibi\u00f3 hoy a la conducci\u00f3n de la Mesa de Enlace y les manifest\u00f3 su apoyo en lo que respecta al pedido de liberaci\u00f3n de las exportaciones de carne. \u201cEl campo es pilar del desarrollo y debemos apoyarlo siempre\u201d, dijo este mediod\u00eda el mandatario correntino, tras el encuentro presencial que [&hellip;]<\/p>\n","protected":false},"author":1,"featured_media":777,"comment_status":"open","ping_status":"open","sticky":false,"template":"","format":"standard","meta":{"footnotes":""},"categories":[6,5],"tags":[],"class_list":["post-776","post","type-post","status-publish","format-standard","has-post-thumbnail","hentry","category-noticias-nacionales","category-noticias-provinciales-de-corrientes","gallery-content-unit"],"_links":{"self":[{"href":"https:\/\/www.corrientes.tv\/ctvnoticias\/index.php?rest_route=\/wp\/v2\/posts\/776","targetHints":{"allow":["GET"]}}],"collection":[{"href":"https:\/\/www.corrientes.tv\/ctvnoticias\/index.php?rest_route=\/wp\/v2\/posts"}],"about":[{"href":"https:\/\/www.corrientes.tv\/ctvnoticias\/index.php?rest_route=\/wp\/v2\/types\/post"}],"author":[{"embeddable":true,"href":"https:\/\/www.corrientes.tv\/ctvnoticias\/index.php?rest_route=\/wp\/v2\/users\/1"}],"replies":[{"embeddable":true,"href":"https:\/\/www.corrientes.tv\/ctvnoticias\/index.php?rest_route=%2Fwp%2Fv2%2Fcomments&post=776"}],"version-history":[{"count":1,"href":"https:\/\/www.corrientes.tv\/ctvnoticias\/index.php?rest_route=\/wp\/v2\/posts\/776\/revisions"}],"predecessor-version":[{"id":778,"href":"https:\/\/www.corrientes.tv\/ctvnoticias\/index.php?rest_route=\/wp\/v2\/posts\/776\/revisions\/778"}],"wp:featuredmedia":[{"embeddable":true,"href":"https:\/\/www.corrientes.tv\/ctvnoticias\/index.php?rest_route=\/wp\/v2\/media\/777"}],"wp:attachment":[{"href":"https:\/\/www.corrientes.tv\/ctvnoticias\/index.php?rest_route=%2Fwp%2Fv2%2Fmedia&parent=776"}],"wp:term":[{"taxonomy":"category","embeddable":true,"href":"https:\/\/www.corrientes.tv\/ctvnoticias\/index.php?rest_route=%2Fwp%2Fv2%2Fcategories&post=776"},{"taxonomy":"post_tag","embeddable":true,"href":"https:\/\/www.corrientes.tv\/ctvnoticias\/index.php?rest_route=%2Fwp%2Fv2%2Ftags&post=776"}],"curies":[{"name":"wp","href":"https:\/\/api.w.org\/{rel}","templated":true}]}}